{"id":2586,"date":"2023-03-24T19:30:00","date_gmt":"2023-03-24T18:30:00","guid":{"rendered":"http:\/\/dugoudronetdesplumeseditions.ch\/?p=2586"},"modified":"2026-02-15T14:41:30","modified_gmt":"2026-02-15T13:41:30","slug":"dans-les-choux","status":"publish","type":"post","link":"https:\/\/dugoudronetdesplumeseditions.ch\/?p=2586","title":{"rendered":"Dans les choux"},"content":{"rendered":"\n<p class=\"wp-block-paragraph\" style=\"font-size:16px\">Un polar dans le Chicago des ann\u00e9es 1920 dans lequel Arthur cherche \u00e0 affirmer son statut viril. Y parviendra-t-il\u00a0?<\/p>\n\n\n\n<div style=\"height:40px\" aria-hidden=\"true\" class=\"wp-block-spacer\"><\/div>\n\n\n\n<figure class=\"wp-block-gallery has-nested-images columns-default wp-block-gallery-1 is-layout-flex wp-block-gallery-is-layout-flex\">\n<figure class=\"wp-block-image size-full\"><a href=\"https:\/\/dugoudronetdesplumeseditions.ch\/wp-content\/uploads\/2023\/03\/Dans-les-choux-couverture-rabat_1024x1456px-1.png\"><img loading=\"lazy\" decoding=\"async\" width=\"1024\" height=\"1456\" data-id=\"2594\" src=\"https:\/\/dugoudronetdesplumeseditions.ch\/wp-content\/uploads\/2023\/03\/Dans-les-choux-couverture-rabat_1024x1456px-1.png\" alt=\"\" class=\"wp-image-2594\" srcset=\"https:\/\/dugoudronetdesplumeseditions.ch\/wp-content\/uploads\/2023\/03\/Dans-les-choux-couverture-rabat_1024x1456px-1.png 1024w, https:\/\/dugoudronetdesplumeseditions.ch\/wp-content\/uploads\/2023\/03\/Dans-les-choux-couverture-rabat_1024x1456px-1-211x300.png 211w, https:\/\/dugoudronetdesplumeseditions.ch\/wp-content\/uploads\/2023\/03\/Dans-les-choux-couverture-rabat_1024x1456px-1-720x1024.png 720w, https:\/\/dugoudronetdesplumeseditions.ch\/wp-content\/uploads\/2023\/03\/Dans-les-choux-couverture-rabat_1024x1456px-1-768x1092.png 768w\" sizes=\"auto, (max-width: 1024px) 100vw, 1024px\" \/><\/a><\/figure>\n\n\n\n<figure class=\"wp-block-image size-full\"><a href=\"https:\/\/dugoudronetdesplumeseditions.ch\/wp-content\/uploads\/2023\/03\/Dans-les-choux-couverture-sans-rabat_1024x1456px.png\"><img loading=\"lazy\" decoding=\"async\" width=\"1024\" height=\"1456\" data-id=\"2593\" src=\"https:\/\/dugoudronetdesplumeseditions.ch\/wp-content\/uploads\/2023\/03\/Dans-les-choux-couverture-sans-rabat_1024x1456px.png\" alt=\"\" class=\"wp-image-2593\" srcset=\"https:\/\/dugoudronetdesplumeseditions.ch\/wp-content\/uploads\/2023\/03\/Dans-les-choux-couverture-sans-rabat_1024x1456px.png 1024w, https:\/\/dugoudronetdesplumeseditions.ch\/wp-content\/uploads\/2023\/03\/Dans-les-choux-couverture-sans-rabat_1024x1456px-211x300.png 211w, https:\/\/dugoudronetdesplumeseditions.ch\/wp-content\/uploads\/2023\/03\/Dans-les-choux-couverture-sans-rabat_1024x1456px-720x1024.png 720w, https:\/\/dugoudronetdesplumeseditions.ch\/wp-content\/uploads\/2023\/03\/Dans-les-choux-couverture-sans-rabat_1024x1456px-768x1092.png 768w\" sizes=\"auto, (max-width: 1024px) 100vw, 1024px\" \/><\/a><\/figure>\n<\/figure>\n\n\n\n<div style=\"height:40px\" aria-hidden=\"true\" class=\"wp-block-spacer\"><\/div>\n\n\n\n<p class=\"wp-block-paragraph\" style=\"font-size:16px\">Sur les pages de gauche, le lecteur est invit\u00e9 \u00e0 d\u00e9coder dans le texte grav\u00e9 sur bois les expressions imag\u00e9es autour des fruits et des l\u00e9gumes. \u00c0 droite, il d\u00e9couvre des images linograv\u00e9es dans un style inspir\u00e9 par Tardi, Com\u00e8s ou Vallotton. Ce m\u00e9lange donne au livre une allure \u00e0 la fois cocasse et absurde.<\/p>\n\n\n\n<p class=\"wp-block-paragraph\"><\/p>\n\n\n\n<p class=\"wp-block-paragraph\" style=\"font-size:16px\"><em>Dans les choux<\/em>, <a href=\"https:\/\/dugoudronetdesplumeseditions.ch\/?page_id=2502\" data-type=\"page\" data-id=\"2502\">Audrey Peli<\/a>, 2023, 40 pages, 16 bois grav\u00e9s, 16 linogravures, 22,5 cm x 32 cm, imprim\u00e9 en bichromie, reliure \u00ab\u00a0piqu\u00e9-pli\u00a0\u00bb, couverture souple avec un rabat couvrant la goutti\u00e8re. Le rabat favorise le jeu entre l&rsquo;image et le texte.<\/p>\n\n\n\n<p class=\"wp-block-paragraph\" style=\"font-size:16px\"><strong>ISBN&nbsp;: <\/strong>978-2-9701434-7-5<br><strong>Prix du livre&nbsp;:<\/strong> 24.- CHF \/ 24 \u20ac<\/p>\n\n\n\n<div style=\"height:40px\" aria-hidden=\"true\" class=\"wp-block-spacer\"><\/div>\n\n\n\n<figure class=\"wp-block-gallery has-nested-images columns-1 wp-block-gallery-2 is-layout-flex wp-block-gallery-is-layout-flex\">\n<figure class=\"wp-block-image size-full\"><a href=\"https:\/\/dugoudronetdesplumeseditions.ch\/wp-content\/uploads\/2023\/03\/Dans-les-choux-p.6-7_2048x1457px.png\"><img loading=\"lazy\" decoding=\"async\" width=\"2048\" height=\"1457\" data-id=\"2588\" src=\"https:\/\/dugoudronetdesplumeseditions.ch\/wp-content\/uploads\/2023\/03\/Dans-les-choux-p.6-7_2048x1457px.png\" alt=\"\" class=\"wp-image-2588\" srcset=\"https:\/\/dugoudronetdesplumeseditions.ch\/wp-content\/uploads\/2023\/03\/Dans-les-choux-p.6-7_2048x1457px.png 2048w, https:\/\/dugoudronetdesplumeseditions.ch\/wp-content\/uploads\/2023\/03\/Dans-les-choux-p.6-7_2048x1457px-300x213.png 300w, https:\/\/dugoudronetdesplumeseditions.ch\/wp-content\/uploads\/2023\/03\/Dans-les-choux-p.6-7_2048x1457px-1024x729.png 1024w, https:\/\/dugoudronetdesplumeseditions.ch\/wp-content\/uploads\/2023\/03\/Dans-les-choux-p.6-7_2048x1457px-768x546.png 768w, https:\/\/dugoudronetdesplumeseditions.ch\/wp-content\/uploads\/2023\/03\/Dans-les-choux-p.6-7_2048x1457px-1536x1093.png 1536w\" sizes=\"auto, (max-width: 2048px) 100vw, 2048px\" \/><\/a><\/figure>\n\n\n\n<figure class=\"wp-block-image size-full\"><a href=\"https:\/\/dugoudronetdesplumeseditions.ch\/wp-content\/uploads\/2023\/03\/Dans-les-choux-p.8-9_2048x1457px.png\"><img loading=\"lazy\" decoding=\"async\" width=\"2048\" height=\"1457\" data-id=\"2589\" src=\"https:\/\/dugoudronetdesplumeseditions.ch\/wp-content\/uploads\/2023\/03\/Dans-les-choux-p.8-9_2048x1457px.png\" alt=\"\" class=\"wp-image-2589\" srcset=\"https:\/\/dugoudronetdesplumeseditions.ch\/wp-content\/uploads\/2023\/03\/Dans-les-choux-p.8-9_2048x1457px.png 2048w, https:\/\/dugoudronetdesplumeseditions.ch\/wp-content\/uploads\/2023\/03\/Dans-les-choux-p.8-9_2048x1457px-300x213.png 300w, https:\/\/dugoudronetdesplumeseditions.ch\/wp-content\/uploads\/2023\/03\/Dans-les-choux-p.8-9_2048x1457px-1024x729.png 1024w, https:\/\/dugoudronetdesplumeseditions.ch\/wp-content\/uploads\/2023\/03\/Dans-les-choux-p.8-9_2048x1457px-768x546.png 768w, https:\/\/dugoudronetdesplumeseditions.ch\/wp-content\/uploads\/2023\/03\/Dans-les-choux-p.8-9_2048x1457px-1536x1093.png 1536w\" sizes=\"auto, (max-width: 2048px) 100vw, 2048px\" \/><\/a><\/figure>\n\n\n\n<figure class=\"wp-block-image size-full\"><a href=\"https:\/\/dugoudronetdesplumeseditions.ch\/wp-content\/uploads\/2023\/03\/Dans-les-choux-p.10-11_2048x1457px.png\"><img loading=\"lazy\" decoding=\"async\" width=\"2048\" height=\"1457\" data-id=\"2590\" src=\"https:\/\/dugoudronetdesplumeseditions.ch\/wp-content\/uploads\/2023\/03\/Dans-les-choux-p.10-11_2048x1457px.png\" alt=\"\" class=\"wp-image-2590\" srcset=\"https:\/\/dugoudronetdesplumeseditions.ch\/wp-content\/uploads\/2023\/03\/Dans-les-choux-p.10-11_2048x1457px.png 2048w, https:\/\/dugoudronetdesplumeseditions.ch\/wp-content\/uploads\/2023\/03\/Dans-les-choux-p.10-11_2048x1457px-300x213.png 300w, https:\/\/dugoudronetdesplumeseditions.ch\/wp-content\/uploads\/2023\/03\/Dans-les-choux-p.10-11_2048x1457px-1024x729.png 1024w, https:\/\/dugoudronetdesplumeseditions.ch\/wp-content\/uploads\/2023\/03\/Dans-les-choux-p.10-11_2048x1457px-768x546.png 768w, https:\/\/dugoudronetdesplumeseditions.ch\/wp-content\/uploads\/2023\/03\/Dans-les-choux-p.10-11_2048x1457px-1536x1093.png 1536w\" sizes=\"auto, (max-width: 2048px) 100vw, 2048px\" \/><\/a><\/figure>\n\n\n\n<figure class=\"wp-block-image size-full\"><a href=\"https:\/\/dugoudronetdesplumeseditions.ch\/wp-content\/uploads\/2023\/03\/Dans-les-choux-p.12-13_2048x1457px.png\"><img loading=\"lazy\" decoding=\"async\" width=\"2048\" height=\"1457\" data-id=\"2591\" src=\"https:\/\/dugoudronetdesplumeseditions.ch\/wp-content\/uploads\/2023\/03\/Dans-les-choux-p.12-13_2048x1457px.png\" alt=\"\" class=\"wp-image-2591\" srcset=\"https:\/\/dugoudronetdesplumeseditions.ch\/wp-content\/uploads\/2023\/03\/Dans-les-choux-p.12-13_2048x1457px.png 2048w, https:\/\/dugoudronetdesplumeseditions.ch\/wp-content\/uploads\/2023\/03\/Dans-les-choux-p.12-13_2048x1457px-300x213.png 300w, https:\/\/dugoudronetdesplumeseditions.ch\/wp-content\/uploads\/2023\/03\/Dans-les-choux-p.12-13_2048x1457px-1024x729.png 1024w, https:\/\/dugoudronetdesplumeseditions.ch\/wp-content\/uploads\/2023\/03\/Dans-les-choux-p.12-13_2048x1457px-768x546.png 768w, https:\/\/dugoudronetdesplumeseditions.ch\/wp-content\/uploads\/2023\/03\/Dans-les-choux-p.12-13_2048x1457px-1536x1093.png 1536w\" sizes=\"auto, (max-width: 2048px) 100vw, 2048px\" \/><\/a><\/figure>\n\n\n\n<figure class=\"wp-block-image size-full\"><a href=\"https:\/\/dugoudronetdesplumeseditions.ch\/wp-content\/uploads\/2024\/05\/Dans-les-choux-couverture-Bologne.jpg\"><img loading=\"lazy\" decoding=\"async\" width=\"2000\" height=\"1422\" data-id=\"3002\" src=\"https:\/\/dugoudronetdesplumeseditions.ch\/wp-content\/uploads\/2024\/05\/Dans-les-choux-couverture-Bologne.jpg\" alt=\"\" class=\"wp-image-3002\" srcset=\"https:\/\/dugoudronetdesplumeseditions.ch\/wp-content\/uploads\/2024\/05\/Dans-les-choux-couverture-Bologne.jpg 2000w, https:\/\/dugoudronetdesplumeseditions.ch\/wp-content\/uploads\/2024\/05\/Dans-les-choux-couverture-Bologne-300x213.jpg 300w, https:\/\/dugoudronetdesplumeseditions.ch\/wp-content\/uploads\/2024\/05\/Dans-les-choux-couverture-Bologne-1024x728.jpg 1024w, https:\/\/dugoudronetdesplumeseditions.ch\/wp-content\/uploads\/2024\/05\/Dans-les-choux-couverture-Bologne-768x546.jpg 768w, https:\/\/dugoudronetdesplumeseditions.ch\/wp-content\/uploads\/2024\/05\/Dans-les-choux-couverture-Bologne-1536x1092.jpg 1536w\" sizes=\"auto, (max-width: 2000px) 100vw, 2000px\" \/><\/a><\/figure>\n<\/figure>\n\n\n\n<div style=\"height:40px\" aria-hidden=\"true\" class=\"wp-block-spacer\"><\/div>\n\n\n\n<p class=\"wp-block-paragraph\" style=\"font-size:16px\">Le livre <em>Dans les choux <\/em>d\u2019Audrey Peli, publi\u00e9 aux \u00e9ditions du goudron et des plumes, a \u00e9t\u00e9 s\u00e9lectionn\u00e9 \u00e0 la Foire du livre jeunesse de Bologne 2024.&nbsp;<\/p>\n\n\n\n<p class=\"wp-block-paragraph\" style=\"font-size:16px\">Parmi 3355 titres soumis par 810 \u00e9diteurs de 65 pays, 100 titres ont \u00e9t\u00e9 choisis provenant de 40 pays, pour leur \u00ab excellence inventive et artistique \u00bb dans l\u2019\u00e9tonnante biblioth\u00e8que BRAW 2024 (THE 2024 BRAW AMAZING BOOKSHELF). Il est le seul repr\u00e9sentant d\u2019une maison d\u2019\u00e9dition suisse.&nbsp;<\/p>\n\n\n\n<p class=\"wp-block-paragraph\" style=\"font-size:16px\">Les 100 livres ont \u00e9t\u00e9 expos\u00e9s durant la foire, qui a eu lieu du 8 au 11 avril 2024. (www.bolognachildrensbookfair.com \/ AWARDS \/ BOLOGNA RAGAZZI AWARDS)&nbsp;<\/p>\n\n\n\n<p class=\"wp-block-paragraph\"><\/p>\n\n\n\n<div style=\"height:100px\" aria-hidden=\"true\" class=\"wp-block-spacer\"><\/div>\n\n\n\n<h3 class=\"wp-block-heading\">La collection jeunesse<\/h3>\n\n\n\n<p class=\"wp-block-paragraph\" style=\"font-size:16px\">Les livres de cette collection ont toujours un lien avec le monde de la gravure et de l\u2019impression.<br>Titres parus&nbsp;:<em> <a href=\"https:\/\/dugoudronetdesplumeseditions.ch\/?p=3354\" data-type=\"post\" data-id=\"3354\">Alphadoigt<\/a>, <a href=\"https:\/\/dugoudronetdesplumeseditions.ch\/?p=3125\" data-type=\"post\" data-id=\"3125\">Robinson(n)ade<\/a>, <a href=\"https:\/\/dugoudronetdesplumeseditions.ch\/?p=2674\" data-type=\"post\" data-id=\"2674\">Le jeune chevalier et le petit dragon<\/a>, <a href=\"https:\/\/dugoudronetdesplumeseditions.ch\/?p=2586\" data-type=\"post\" data-id=\"2586\">Dans les choux<\/a><\/em>.<\/p>\n\n\n\n<div style=\"height:40px\" aria-hidden=\"true\" class=\"wp-block-spacer\"><\/div>\n\n\n\n<figure class=\"wp-block-image size-large\"><a href=\"https:\/\/dugoudronetdesplumeseditions.ch\/wp-content\/uploads\/2025\/11\/1-la-collection-jeunesse-egp-scaled.jpg\"><img loading=\"lazy\" decoding=\"async\" width=\"1024\" height=\"806\" src=\"https:\/\/dugoudronetdesplumeseditions.ch\/wp-content\/uploads\/2025\/11\/1-la-collection-jeunesse-egp-1024x806.jpg\" alt=\"\" class=\"wp-image-3362\" srcset=\"https:\/\/dugoudronetdesplumeseditions.ch\/wp-content\/uploads\/2025\/11\/1-la-collection-jeunesse-egp-1024x806.jpg 1024w, https:\/\/dugoudronetdesplumeseditions.ch\/wp-content\/uploads\/2025\/11\/1-la-collection-jeunesse-egp-300x236.jpg 300w, https:\/\/dugoudronetdesplumeseditions.ch\/wp-content\/uploads\/2025\/11\/1-la-collection-jeunesse-egp-768x604.jpg 768w, https:\/\/dugoudronetdesplumeseditions.ch\/wp-content\/uploads\/2025\/11\/1-la-collection-jeunesse-egp-1536x1209.jpg 1536w, https:\/\/dugoudronetdesplumeseditions.ch\/wp-content\/uploads\/2025\/11\/1-la-collection-jeunesse-egp-2048x1612.jpg 2048w\" sizes=\"auto, (max-width: 1024px) 100vw, 1024px\" \/><\/a><\/figure>\n\n\n\n<h3 class=\"wp-block-heading\"><\/h3>\n\n\n\n<div style=\"height:100px\" aria-hidden=\"true\" class=\"wp-block-spacer\"><\/div>\n\n\n\n<h3 class=\"wp-block-heading\"><strong>On en parle <\/strong><\/h3>\n\n\n\n<p class=\"wp-block-paragraph\" style=\"font-size:16px\"><a href=\"https:\/\/dugoudronetdesplumeseditions.ch\/wp-content\/uploads\/2024\/05\/Journal-Le-Temps-13-avril-2024.pdf\" data-type=\"attachment\" data-id=\"3034\">Journal Le Temps, 13 avril 2024<\/a><\/p>\n\n\n\n<p class=\"wp-block-paragraph\"><\/p>\n","protected":false},"excerpt":{"rendered":"<p>Un polar dans le Chicago des ann\u00e9es 1920 dans lequel Arthur cherche \u00e0 affirmer son statut viril. Y parviendra-t-il\u00a0?<br \/>\nSur les pages de gauche, le lecteur est invit\u00e9 \u00e0 d\u00e9coder dans le texte grav\u00e9 sur bois les expressions imag\u00e9es autour des fruits et des l\u00e9gumes. \u00c0 droite, il d\u00e9couvre des images linograv\u00e9es dans un style inspir\u00e9 par Tardi, Com\u00e8s ou Vallotton. Ce m\u00e9lange donne au livre une allure \u00e0 la fois cocasse et absurde.<\/p>\n","protected":false},"author":1,"featured_media":2563,"comment_status":"closed","ping_status":"closed","sticky":false,"template":"","format":"standard","meta":{"footnotes":""},"categories":[19,25],"tags":[],"class_list":["post-2586","post","type-post","status-publish","format-standard","has-post-thumbnail","hentry","category-audrey-peli","category-collection-jeunesse"],"_links":{"self":[{"href":"https:\/\/dugoudronetdesplumeseditions.ch\/index.php?rest_route=\/wp\/v2\/posts\/2586","targetHints":{"allow":["GET"]}}],"collection":[{"href":"https:\/\/dugoudronetdesplumeseditions.ch\/index.php?rest_route=\/wp\/v2\/posts"}],"about":[{"href":"https:\/\/dugoudronetdesplumeseditions.ch\/index.php?rest_route=\/wp\/v2\/types\/post"}],"author":[{"embeddable":true,"href":"https:\/\/dugoudronetdesplumeseditions.ch\/index.php?rest_route=\/wp\/v2\/users\/1"}],"replies":[{"embeddable":true,"href":"https:\/\/dugoudronetdesplumeseditions.ch\/index.php?rest_route=%2Fwp%2Fv2%2Fcomments&post=2586"}],"version-history":[{"count":20,"href":"https:\/\/dugoudronetdesplumeseditions.ch\/index.php?rest_route=\/wp\/v2\/posts\/2586\/revisions"}],"predecessor-version":[{"id":3690,"href":"https:\/\/dugoudronetdesplumeseditions.ch\/index.php?rest_route=\/wp\/v2\/posts\/2586\/revisions\/3690"}],"wp:featuredmedia":[{"embeddable":true,"href":"https:\/\/dugoudronetdesplumeseditions.ch\/index.php?rest_route=\/wp\/v2\/media\/2563"}],"wp:attachment":[{"href":"https:\/\/dugoudronetdesplumeseditions.ch\/index.php?rest_route=%2Fwp%2Fv2%2Fmedia&parent=2586"}],"wp:term":[{"taxonomy":"category","embeddable":true,"href":"https:\/\/dugoudronetdesplumeseditions.ch\/index.php?rest_route=%2Fwp%2Fv2%2Fcategories&post=2586"},{"taxonomy":"post_tag","embeddable":true,"href":"https:\/\/dugoudronetdesplumeseditions.ch\/index.php?rest_route=%2Fwp%2Fv2%2Ftags&post=2586"}],"curies":[{"name":"wp","href":"https:\/\/api.w.org\/{rel}","templated":true}]}}