{"id":239,"date":"2014-07-19T15:40:56","date_gmt":"2014-07-19T15:40:56","guid":{"rendered":"http:\/\/dugoudronetdesplumeseditions.ch\/?p=239"},"modified":"2023-04-25T21:50:29","modified_gmt":"2023-04-25T19:50:29","slug":"taille-douce-en-noir-et-blanc","status":"publish","type":"post","link":"https:\/\/dugoudronetdesplumeseditions.ch\/?p=239","title":{"rendered":"Face-\u00e0-face 1"},"content":{"rendered":"\n<p class=\"wp-block-paragraph\" style=\"font-size:16px\">Les \u00e9ditions du goudron et des plumes reprennent \u00e0 leur compte un coffret de 8 gravures en taille-douce en noir et blanc. Ce travail a \u00e9t\u00e9 r\u00e9alis\u00e9 et \u00e9dit\u00e9 en 1998 par Romain Crelier dans son atelier.<\/p>\n\n\n\n<div style=\"height:30px\" aria-hidden=\"true\" class=\"wp-block-spacer\"><\/div>\n\n\n\n<figure class=\"wp-block-gallery has-nested-images columns-default is-cropped wp-block-gallery-1 is-layout-flex wp-block-gallery-is-layout-flex\">\n<figure class=\"wp-block-image size-large\"><a href=\"https:\/\/dugoudronetdesplumeseditions.ch\/wp-content\/uploads\/2014\/07\/montavon_5.jpg\"><img loading=\"lazy\" decoding=\"async\" width=\"550\" height=\"422\" data-id=\"240\" src=\"https:\/\/dugoudronetdesplumeseditions.ch\/wp-content\/uploads\/2014\/07\/montavon_5.jpg\" alt=\"\" class=\"wp-image-240\" srcset=\"https:\/\/dugoudronetdesplumeseditions.ch\/wp-content\/uploads\/2014\/07\/montavon_5.jpg 550w, https:\/\/dugoudronetdesplumeseditions.ch\/wp-content\/uploads\/2014\/07\/montavon_5-300x230.jpg 300w\" sizes=\"auto, (max-width: 550px) 100vw, 550px\" \/><\/a><\/figure>\n\n\n\n<figure class=\"wp-block-image size-large\"><a href=\"https:\/\/dugoudronetdesplumeseditions.ch\/wp-content\/uploads\/2014\/07\/montavon_6.jpg\"><img loading=\"lazy\" decoding=\"async\" width=\"550\" height=\"422\" data-id=\"241\" src=\"https:\/\/dugoudronetdesplumeseditions.ch\/wp-content\/uploads\/2014\/07\/montavon_6.jpg\" alt=\"\" class=\"wp-image-241\" srcset=\"https:\/\/dugoudronetdesplumeseditions.ch\/wp-content\/uploads\/2014\/07\/montavon_6.jpg 550w, https:\/\/dugoudronetdesplumeseditions.ch\/wp-content\/uploads\/2014\/07\/montavon_6-300x230.jpg 300w\" sizes=\"auto, (max-width: 550px) 100vw, 550px\" \/><\/a><\/figure>\n\n\n\n<figure class=\"wp-block-image size-large\"><a href=\"https:\/\/dugoudronetdesplumeseditions.ch\/wp-content\/uploads\/2014\/07\/montavon_7.jpg\"><img loading=\"lazy\" decoding=\"async\" width=\"550\" height=\"415\" data-id=\"242\" src=\"https:\/\/dugoudronetdesplumeseditions.ch\/wp-content\/uploads\/2014\/07\/montavon_7.jpg\" alt=\"\" class=\"wp-image-242\" srcset=\"https:\/\/dugoudronetdesplumeseditions.ch\/wp-content\/uploads\/2014\/07\/montavon_7.jpg 550w, https:\/\/dugoudronetdesplumeseditions.ch\/wp-content\/uploads\/2014\/07\/montavon_7-300x226.jpg 300w\" sizes=\"auto, (max-width: 550px) 100vw, 550px\" \/><\/a><\/figure>\n<\/figure>\n\n\n\n<div style=\"height:60px\" aria-hidden=\"true\" class=\"wp-block-spacer\"><\/div>\n\n\n\n<p class=\"wp-block-paragraph\" style=\"font-size:16px\">Le coffret de 8 gravures en taille-douce en noir et blanc sur papier Zerkall 250 gr\/m\u00b2 est \u00e9dit\u00e9 \u00e0 12 exemplaires sign\u00e9s et num\u00e9rot\u00e9s de 1\/12 \u00e0 12\/12. Le format des plaques de cuivre est de 33 x 25 cm sur un papier de 65 x 50 cm.<\/p>\n\n\n\n<p class=\"wp-block-paragraph\" style=\"font-size:16px\"><strong>Prix du coffret:<\/strong>\u00a0 CHF 2&rsquo;000.\u2013<br><strong>Prix d&rsquo;une gravure:<\/strong> CHF 300.\u2013<br>(Les gravures des coffrets 9\/12 \u00e0 12\/12 peuvent \u00eatre vendues s\u00e9par\u00e9ment)<\/p>\n","protected":false},"excerpt":{"rendered":"<p>Les \u00e9ditions du goudron et des plumes reprennent \u00e0 leur compte un coffret de 8&#8230;<\/p>\n","protected":false},"author":1,"featured_media":240,"comment_status":"closed","ping_status":"closed","sticky":false,"template":"","format":"standard","meta":{"footnotes":""},"categories":[8],"tags":[],"class_list":["post-239","post","type-post","status-publish","format-standard","has-post-thumbnail","hentry","category-stephane-montavon"],"_links":{"self":[{"href":"https:\/\/dugoudronetdesplumeseditions.ch\/index.php?rest_route=\/wp\/v2\/posts\/239","targetHints":{"allow":["GET"]}}],"collection":[{"href":"https:\/\/dugoudronetdesplumeseditions.ch\/index.php?rest_route=\/wp\/v2\/posts"}],"about":[{"href":"https:\/\/dugoudronetdesplumeseditions.ch\/index.php?rest_route=\/wp\/v2\/types\/post"}],"author":[{"embeddable":true,"href":"https:\/\/dugoudronetdesplumeseditions.ch\/index.php?rest_route=\/wp\/v2\/users\/1"}],"replies":[{"embeddable":true,"href":"https:\/\/dugoudronetdesplumeseditions.ch\/index.php?rest_route=%2Fwp%2Fv2%2Fcomments&post=239"}],"version-history":[{"count":12,"href":"https:\/\/dugoudronetdesplumeseditions.ch\/index.php?rest_route=\/wp\/v2\/posts\/239\/revisions"}],"predecessor-version":[{"id":2871,"href":"https:\/\/dugoudronetdesplumeseditions.ch\/index.php?rest_route=\/wp\/v2\/posts\/239\/revisions\/2871"}],"wp:featuredmedia":[{"embeddable":true,"href":"https:\/\/dugoudronetdesplumeseditions.ch\/index.php?rest_route=\/wp\/v2\/media\/240"}],"wp:attachment":[{"href":"https:\/\/dugoudronetdesplumeseditions.ch\/index.php?rest_route=%2Fwp%2Fv2%2Fmedia&parent=239"}],"wp:term":[{"taxonomy":"category","embeddable":true,"href":"https:\/\/dugoudronetdesplumeseditions.ch\/index.php?rest_route=%2Fwp%2Fv2%2Fcategories&post=239"},{"taxonomy":"post_tag","embeddable":true,"href":"https:\/\/dugoudronetdesplumeseditions.ch\/index.php?rest_route=%2Fwp%2Fv2%2Ftags&post=239"}],"curies":[{"name":"wp","href":"https:\/\/api.w.org\/{rel}","templated":true}]}}