{"id":231,"date":"2014-07-19T15:36:08","date_gmt":"2014-07-19T15:36:08","guid":{"rendered":"http:\/\/dugoudronetdesplumeseditions.ch\/?p=231"},"modified":"2023-04-30T12:19:08","modified_gmt":"2023-04-30T10:19:08","slug":"taille-douce-en-deux-couleurs","status":"publish","type":"post","link":"https:\/\/dugoudronetdesplumeseditions.ch\/?p=231","title":{"rendered":"Face-\u00e0-face 2"},"content":{"rendered":"\n<p class=\"wp-block-paragraph\" style=\"font-size:16px\">Au printemps de l&rsquo;ann\u00e9e 2007, les \u00e9ditions du goudron et des plumes ont invit\u00e9 St\u00e9phane Montavon\u00a0 \u00e0 r\u00e9aliser une s\u00e9rie de gravures en taille-douce. De juillet \u00e0 d\u00e9cembre 2007, l&rsquo;artiste a grav\u00e9 les cuivres \u00e0 l&rsquo;atelier de gravure de Moutier ainsi qu&rsquo;\u00e0 l&rsquo;atelier du goudron et des plumes \u00e0 Chevenez o\u00f9 ce dernier a imprim\u00e9 les gravures.<br>Pour l&rsquo;occasion, St\u00e9phane Montavon a explor\u00e9 une grande partie des techniques de la gravure en taille-douce, qu&rsquo;il s&rsquo;agisse de la pointe s\u00e8che, de l&rsquo;eau-forte au trait, de l&rsquo;aquatinte, sans oublier d&rsquo;autres exp\u00e9rimentations toutes personnelles que l&rsquo;artiste a d\u00e9velopp\u00e9es dans l&rsquo;atelier.<br>La superposition de strates humaines propre au travail de St\u00e9phane Montavon que l&rsquo;on conna\u00eet dans sa peinture et ses dessins, fonctionne parfaitement avec les diff\u00e9rentes techniques de la gravure.<\/p>\n\n\n\n<div style=\"height:30px\" aria-hidden=\"true\" class=\"wp-block-spacer\"><\/div>\n\n\n\n<figure class=\"wp-block-gallery has-nested-images columns-2 is-cropped wp-block-gallery-1 is-layout-flex wp-block-gallery-is-layout-flex\">\n<figure class=\"wp-block-image size-large\"><a href=\"https:\/\/dugoudronetdesplumeseditions.ch\/wp-content\/uploads\/2014\/07\/montavon_2.jpg\"><img loading=\"lazy\" decoding=\"async\" width=\"550\" height=\"362\" data-id=\"233\" src=\"https:\/\/dugoudronetdesplumeseditions.ch\/wp-content\/uploads\/2014\/07\/montavon_2.jpg\" alt=\"\" class=\"wp-image-233\" srcset=\"https:\/\/dugoudronetdesplumeseditions.ch\/wp-content\/uploads\/2014\/07\/montavon_2.jpg 550w, https:\/\/dugoudronetdesplumeseditions.ch\/wp-content\/uploads\/2014\/07\/montavon_2-300x197.jpg 300w\" sizes=\"auto, (max-width: 550px) 100vw, 550px\" \/><\/a><\/figure>\n\n\n\n<figure class=\"wp-block-image size-large\"><a href=\"https:\/\/dugoudronetdesplumeseditions.ch\/wp-content\/uploads\/2014\/07\/montavon_1.jpg\"><img loading=\"lazy\" decoding=\"async\" width=\"550\" height=\"362\" data-id=\"232\" src=\"https:\/\/dugoudronetdesplumeseditions.ch\/wp-content\/uploads\/2014\/07\/montavon_1.jpg\" alt=\"\" class=\"wp-image-232\" srcset=\"https:\/\/dugoudronetdesplumeseditions.ch\/wp-content\/uploads\/2014\/07\/montavon_1.jpg 550w, https:\/\/dugoudronetdesplumeseditions.ch\/wp-content\/uploads\/2014\/07\/montavon_1-300x197.jpg 300w\" sizes=\"auto, (max-width: 550px) 100vw, 550px\" \/><\/a><\/figure>\n\n\n\n<figure class=\"wp-block-image size-large\"><a href=\"https:\/\/dugoudronetdesplumeseditions.ch\/wp-content\/uploads\/2014\/07\/montavon_4.jpg\"><img loading=\"lazy\" decoding=\"async\" width=\"550\" height=\"362\" data-id=\"235\" src=\"https:\/\/dugoudronetdesplumeseditions.ch\/wp-content\/uploads\/2014\/07\/montavon_4.jpg\" alt=\"\" class=\"wp-image-235\" srcset=\"https:\/\/dugoudronetdesplumeseditions.ch\/wp-content\/uploads\/2014\/07\/montavon_4.jpg 550w, https:\/\/dugoudronetdesplumeseditions.ch\/wp-content\/uploads\/2014\/07\/montavon_4-300x197.jpg 300w\" sizes=\"auto, (max-width: 550px) 100vw, 550px\" \/><\/a><\/figure>\n\n\n\n<figure class=\"wp-block-image size-large\"><a href=\"https:\/\/dugoudronetdesplumeseditions.ch\/wp-content\/uploads\/2014\/07\/montavon_3.jpg\"><img loading=\"lazy\" decoding=\"async\" width=\"550\" height=\"362\" data-id=\"234\" src=\"https:\/\/dugoudronetdesplumeseditions.ch\/wp-content\/uploads\/2014\/07\/montavon_3.jpg\" alt=\"\" class=\"wp-image-234\" srcset=\"https:\/\/dugoudronetdesplumeseditions.ch\/wp-content\/uploads\/2014\/07\/montavon_3.jpg 550w, https:\/\/dugoudronetdesplumeseditions.ch\/wp-content\/uploads\/2014\/07\/montavon_3-300x197.jpg 300w\" sizes=\"auto, (max-width: 550px) 100vw, 550px\" \/><\/a><\/figure>\n<\/figure>\n\n\n\n<div style=\"height:60px\" aria-hidden=\"true\" class=\"wp-block-spacer\"><\/div>\n\n\n\n<p class=\"wp-block-paragraph\" style=\"font-size:16px\">Le coffret de 10 gravures en taille-douce en deux couleurs sur papier Zerkall 250 gr\/m\u00b2 est \u00e9dit\u00e9 \u00e0 10 exemplaires sign\u00e9s et num\u00e9rot\u00e9s de 1\/7 \u00e0 7\/7 et e\/a I\/III \u00e0 III\/III. Le format des plaques de cuivre est de 30 x 20 cm sur un papier de 47,5 x 38 cm.<\/p>\n\n\n\n<p class=\"wp-block-paragraph\" style=\"font-size:16px\"><strong>Prix du coffret:&nbsp;<\/strong> CHF 3&rsquo;500.\u2013<br><strong>Prix d&rsquo;une gravure:<\/strong> CHF 400.\u2013<br>(Les gravures des coffrets 6\/7 et 7\/7 peuvent \u00eatre vendues s\u00e9par\u00e9ment)<\/p>\n\n\n\n<div style=\"height:30px\" aria-hidden=\"true\" class=\"wp-block-spacer\"><\/div>\n\n\n\n<figure class=\"wp-block-image size-large is-resized\"><a href=\"https:\/\/dugoudronetdesplumeseditions.ch\/wp-content\/uploads\/2014\/07\/Site-internet-6-055.jpg\"><img loading=\"lazy\" decoding=\"async\" src=\"https:\/\/dugoudronetdesplumeseditions.ch\/wp-content\/uploads\/2014\/07\/Site-internet-6-055-1024x664.jpg\" alt=\"\" class=\"wp-image-236\" width=\"440\" height=\"284\" srcset=\"https:\/\/dugoudronetdesplumeseditions.ch\/wp-content\/uploads\/2014\/07\/Site-internet-6-055-1024x664.jpg 1024w, https:\/\/dugoudronetdesplumeseditions.ch\/wp-content\/uploads\/2014\/07\/Site-internet-6-055-300x194.jpg 300w\" sizes=\"auto, (max-width: 440px) 100vw, 440px\" \/><\/a><\/figure>\n","protected":false},"excerpt":{"rendered":"<p>Au printemps de l&rsquo;ann\u00e9e 2007, les \u00e9ditions du goudron et des plumes ont invit\u00e9 St\u00e9phane&#8230;<\/p>\n","protected":false},"author":1,"featured_media":235,"comment_status":"closed","ping_status":"closed","sticky":false,"template":"","format":"standard","meta":{"footnotes":""},"categories":[8],"tags":[],"class_list":["post-231","post","type-post","status-publish","format-standard","has-post-thumbnail","hentry","category-stephane-montavon"],"_links":{"self":[{"href":"https:\/\/dugoudronetdesplumeseditions.ch\/index.php?rest_route=\/wp\/v2\/posts\/231","targetHints":{"allow":["GET"]}}],"collection":[{"href":"https:\/\/dugoudronetdesplumeseditions.ch\/index.php?rest_route=\/wp\/v2\/posts"}],"about":[{"href":"https:\/\/dugoudronetdesplumeseditions.ch\/index.php?rest_route=\/wp\/v2\/types\/post"}],"author":[{"embeddable":true,"href":"https:\/\/dugoudronetdesplumeseditions.ch\/index.php?rest_route=\/wp\/v2\/users\/1"}],"replies":[{"embeddable":true,"href":"https:\/\/dugoudronetdesplumeseditions.ch\/index.php?rest_route=%2Fwp%2Fv2%2Fcomments&post=231"}],"version-history":[{"count":11,"href":"https:\/\/dugoudronetdesplumeseditions.ch\/index.php?rest_route=\/wp\/v2\/posts\/231\/revisions"}],"predecessor-version":[{"id":2922,"href":"https:\/\/dugoudronetdesplumeseditions.ch\/index.php?rest_route=\/wp\/v2\/posts\/231\/revisions\/2922"}],"wp:featuredmedia":[{"embeddable":true,"href":"https:\/\/dugoudronetdesplumeseditions.ch\/index.php?rest_route=\/wp\/v2\/media\/235"}],"wp:attachment":[{"href":"https:\/\/dugoudronetdesplumeseditions.ch\/index.php?rest_route=%2Fwp%2Fv2%2Fmedia&parent=231"}],"wp:term":[{"taxonomy":"category","embeddable":true,"href":"https:\/\/dugoudronetdesplumeseditions.ch\/index.php?rest_route=%2Fwp%2Fv2%2Fcategories&post=231"},{"taxonomy":"post_tag","embeddable":true,"href":"https:\/\/dugoudronetdesplumeseditions.ch\/index.php?rest_route=%2Fwp%2Fv2%2Ftags&post=231"}],"curies":[{"name":"wp","href":"https:\/\/api.w.org\/{rel}","templated":true}]}}