{"id":2182,"date":"2021-11-08T17:02:00","date_gmt":"2021-11-08T16:02:00","guid":{"rendered":"http:\/\/dugoudronetdesplumeseditions.ch\/?p=2182"},"modified":"2025-11-23T12:01:22","modified_gmt":"2025-11-23T11:01:22","slug":"la-sirene-du-doubs-2","status":"publish","type":"post","link":"https:\/\/dugoudronetdesplumeseditions.ch\/?p=2182","title":{"rendered":"La Sir\u00e8ne du Doubs"},"content":{"rendered":"\n<p class=\"wp-block-paragraph\" style=\"font-size:16px\">Un dialogue complice entre le grand-p\u00e8re et son petit-fils qui partagent l&rsquo;amour d&rsquo;une rivi\u00e8re, le r\u00eave d&rsquo;une vouivre et la naissance du canton du Jura. L&rsquo;histoire se poursuit par un jeu: inventer des personnages en combinant 23 figures coup\u00e9es en trois, ce qui donne 12&rsquo;167 inventions possibles!<\/p>\n\n\n\n<blockquote class=\"wp-block-quote is-layout-flow wp-block-quote-is-layout-flow\">\n<p class=\"wp-block-paragraph\"><\/p>\n\n\n\n<p class=\"wp-block-paragraph\">&#8211; Gran&rsquo;Pa! Gran&rsquo;Pa!, j&rsquo;ai fait un r\u00eave chelou! Crie P&rsquo;tit Gars en arrivant un matin \u00e0 la table du petit d\u00e9jeuner.<br>&#8211; Je t&rsquo;\u00e9coute, dit Gran&rsquo;Pa en soufflant sur son caf\u00e9.<br>&#8211; Y a un phare, comme celui de St-Ursanne, \u00e0 l&rsquo;entr\u00e9e d&rsquo;un parc. La gardienne du phare est une femme-poisson! Elle a des longs cheveux et des longs bras. Elle me parle. Elle me dit qu&rsquo;elle est la Sir\u00e8ne du Doubs. Je peux visiter le parc. C&rsquo;est elle qui a eu l&rsquo;id\u00e9e! Elle me raconte que sa m\u00e8re est une vouivre, qu&rsquo;elle est n\u00e9e sur une plage de galets pr\u00e8s du Moulin Jeannotat, qu&rsquo;elle et sa m\u00e8re adorent la r\u00e9gion, qu&rsquo;elles veulent me faire d\u00e9couvrir ses beaut\u00e9s et la prot\u00e9ger. Oh la la, c&rsquo;\u00e9tait long son discours! Et la Sir\u00e8ne me montre une esp\u00e8ce de cahute: au guichet y a la vouivre qui scanne les billets d&rsquo;entr\u00e9e avec son escarboucle brillante. Je piaffe sur mon balai-poney, celui que tu m&rsquo;as fabriqu\u00e9. J&rsquo;ai trop envie de galoper sur le chemin!<\/p>\n\n\n\n<div style=\"height:40px\" aria-hidden=\"true\" class=\"wp-block-spacer\"><\/div>\n<\/blockquote>\n\n\n\n<figure class=\"wp-block-gallery has-nested-images columns-1 is-cropped wp-block-gallery-1 is-layout-flex wp-block-gallery-is-layout-flex\">\n<figure class=\"wp-block-image size-large\"><a href=\"https:\/\/dugoudronetdesplumeseditions.ch\/wp-content\/uploads\/2023\/04\/IMG_5246-scaled.jpg\"><img loading=\"lazy\" decoding=\"async\" width=\"1024\" height=\"675\" data-id=\"2716\" src=\"https:\/\/dugoudronetdesplumeseditions.ch\/wp-content\/uploads\/2023\/04\/IMG_5246-1024x675.jpg\" alt=\"\" class=\"wp-image-2716\" srcset=\"https:\/\/dugoudronetdesplumeseditions.ch\/wp-content\/uploads\/2023\/04\/IMG_5246-1024x675.jpg 1024w, https:\/\/dugoudronetdesplumeseditions.ch\/wp-content\/uploads\/2023\/04\/IMG_5246-300x198.jpg 300w, https:\/\/dugoudronetdesplumeseditions.ch\/wp-content\/uploads\/2023\/04\/IMG_5246-768x506.jpg 768w, https:\/\/dugoudronetdesplumeseditions.ch\/wp-content\/uploads\/2023\/04\/IMG_5246-1536x1013.jpg 1536w, https:\/\/dugoudronetdesplumeseditions.ch\/wp-content\/uploads\/2023\/04\/IMG_5246-2048x1350.jpg 2048w\" sizes=\"auto, (max-width: 1024px) 100vw, 1024px\" \/><\/a><\/figure>\n\n\n\n<figure class=\"wp-block-image size-large\"><a href=\"https:\/\/dugoudronetdesplumeseditions.ch\/wp-content\/uploads\/2023\/04\/Unknown-scaled.jpg\"><img loading=\"lazy\" decoding=\"async\" width=\"1024\" height=\"640\" data-id=\"2718\" src=\"https:\/\/dugoudronetdesplumeseditions.ch\/wp-content\/uploads\/2023\/04\/Unknown-1024x640.jpg\" alt=\"\" class=\"wp-image-2718\" srcset=\"https:\/\/dugoudronetdesplumeseditions.ch\/wp-content\/uploads\/2023\/04\/Unknown-1024x640.jpg 1024w, https:\/\/dugoudronetdesplumeseditions.ch\/wp-content\/uploads\/2023\/04\/Unknown-300x188.jpg 300w, https:\/\/dugoudronetdesplumeseditions.ch\/wp-content\/uploads\/2023\/04\/Unknown-768x480.jpg 768w, https:\/\/dugoudronetdesplumeseditions.ch\/wp-content\/uploads\/2023\/04\/Unknown-1536x960.jpg 1536w, https:\/\/dugoudronetdesplumeseditions.ch\/wp-content\/uploads\/2023\/04\/Unknown-2048x1280.jpg 2048w\" sizes=\"auto, (max-width: 1024px) 100vw, 1024px\" \/><\/a><\/figure>\n\n\n\n<figure class=\"wp-block-image size-large\"><a href=\"https:\/\/dugoudronetdesplumeseditions.ch\/wp-content\/uploads\/2023\/04\/Unknown-1-scaled.jpg\"><img loading=\"lazy\" decoding=\"async\" width=\"1024\" height=\"710\" data-id=\"2720\" src=\"https:\/\/dugoudronetdesplumeseditions.ch\/wp-content\/uploads\/2023\/04\/Unknown-1-1024x710.jpg\" alt=\"\" class=\"wp-image-2720\" srcset=\"https:\/\/dugoudronetdesplumeseditions.ch\/wp-content\/uploads\/2023\/04\/Unknown-1-1024x710.jpg 1024w, https:\/\/dugoudronetdesplumeseditions.ch\/wp-content\/uploads\/2023\/04\/Unknown-1-300x208.jpg 300w, https:\/\/dugoudronetdesplumeseditions.ch\/wp-content\/uploads\/2023\/04\/Unknown-1-768x533.jpg 768w, https:\/\/dugoudronetdesplumeseditions.ch\/wp-content\/uploads\/2023\/04\/Unknown-1-1536x1065.jpg 1536w, https:\/\/dugoudronetdesplumeseditions.ch\/wp-content\/uploads\/2023\/04\/Unknown-1-2048x1421.jpg 2048w\" sizes=\"auto, (max-width: 1024px) 100vw, 1024px\" \/><\/a><\/figure>\n<\/figure>\n\n\n\n<div style=\"height:40px\" aria-hidden=\"true\" class=\"wp-block-spacer\"><\/div>\n\n\n\n<p class=\"wp-block-paragraph\" style=\"font-size:16px\"><em>La Sir\u00e8ne du Doubs<\/em>, <a href=\"https:\/\/dugoudronetdesplumeseditions.ch\/?page_id=2328\" data-type=\"page\" data-id=\"2328\">Isabelle Volpato<\/a> et <a href=\"https:\/\/dugoudronetdesplumeseditions.ch\/?page_id=39\" data-type=\"page\" data-id=\"39\">Patricia Crelier<\/a>, 2021, 60 pages, 22.7 cm x 17.3 cm, 23 illustrations en 6 couleurs (linogravures), impression en offset, reliure \u00e0 anneaux, r\u00e9\u00e9dition revue et augment\u00e9e du livre paru en 2012. Destin\u00e9 aux enfants d\u00e8s 8 ans pour l&rsquo;histoire et d\u00e8s 5 ans pour le jeu des images.<\/p>\n\n\n\n<p class=\"wp-block-paragraph\" style=\"font-size:16px\"><strong>ISBN : <\/strong>978-2-9701434-3-7<br><strong>Prix du livre : <\/strong>24.\u2013 CHF<\/p>\n\n\n\n<div style=\"height:40px\" aria-hidden=\"true\" class=\"wp-block-spacer\"><\/div>\n\n\n\n<figure class=\"wp-block-image size-full is-resized\"><a href=\"https:\/\/dugoudronetdesplumeseditions.ch\/wp-content\/uploads\/2021\/11\/sir\u00e8ne-pour-le-site.gif\"><img loading=\"lazy\" decoding=\"async\" width=\"1024\" height=\"922\" src=\"https:\/\/dugoudronetdesplumeseditions.ch\/wp-content\/uploads\/2021\/11\/sir\u00e8ne-pour-le-site.gif\" alt=\"\" class=\"wp-image-2286\" style=\"width:528px;height:475px\"\/><\/a><\/figure>\n","protected":false},"excerpt":{"rendered":"<p>Un dialogue complice entre le grand-p\u00e8re et son petit-fils qui partagent l&rsquo;amour d&rsquo;une rivi\u00e8re, le&#8230;<\/p>\n","protected":false},"author":1,"featured_media":2191,"comment_status":"closed","ping_status":"closed","sticky":false,"template":"","format":"standard","meta":{"footnotes":""},"categories":[24,3],"tags":[],"class_list":["post-2182","post","type-post","status-publish","format-standard","has-post-thumbnail","hentry","category-isabelle-volpato","category-patricia-crelier"],"_links":{"self":[{"href":"https:\/\/dugoudronetdesplumeseditions.ch\/index.php?rest_route=\/wp\/v2\/posts\/2182","targetHints":{"allow":["GET"]}}],"collection":[{"href":"https:\/\/dugoudronetdesplumeseditions.ch\/index.php?rest_route=\/wp\/v2\/posts"}],"about":[{"href":"https:\/\/dugoudronetdesplumeseditions.ch\/index.php?rest_route=\/wp\/v2\/types\/post"}],"author":[{"embeddable":true,"href":"https:\/\/dugoudronetdesplumeseditions.ch\/index.php?rest_route=\/wp\/v2\/users\/1"}],"replies":[{"embeddable":true,"href":"https:\/\/dugoudronetdesplumeseditions.ch\/index.php?rest_route=%2Fwp%2Fv2%2Fcomments&post=2182"}],"version-history":[{"count":16,"href":"https:\/\/dugoudronetdesplumeseditions.ch\/index.php?rest_route=\/wp\/v2\/posts\/2182\/revisions"}],"predecessor-version":[{"id":3588,"href":"https:\/\/dugoudronetdesplumeseditions.ch\/index.php?rest_route=\/wp\/v2\/posts\/2182\/revisions\/3588"}],"wp:featuredmedia":[{"embeddable":true,"href":"https:\/\/dugoudronetdesplumeseditions.ch\/index.php?rest_route=\/wp\/v2\/media\/2191"}],"wp:attachment":[{"href":"https:\/\/dugoudronetdesplumeseditions.ch\/index.php?rest_route=%2Fwp%2Fv2%2Fmedia&parent=2182"}],"wp:term":[{"taxonomy":"category","embeddable":true,"href":"https:\/\/dugoudronetdesplumeseditions.ch\/index.php?rest_route=%2Fwp%2Fv2%2Fcategories&post=2182"},{"taxonomy":"post_tag","embeddable":true,"href":"https:\/\/dugoudronetdesplumeseditions.ch\/index.php?rest_route=%2Fwp%2Fv2%2Ftags&post=2182"}],"curies":[{"name":"wp","href":"https:\/\/api.w.org\/{rel}","templated":true}]}}