{"id":2176,"date":"2021-11-07T14:01:36","date_gmt":"2021-11-07T13:01:36","guid":{"rendered":"http:\/\/dugoudronetdesplumeseditions.ch\/?p=2176"},"modified":"2025-11-30T13:14:45","modified_gmt":"2025-11-30T12:14:45","slug":"raoul","status":"publish","type":"post","link":"https:\/\/dugoudronetdesplumeseditions.ch\/?p=2176","title":{"rendered":"Raoul"},"content":{"rendered":"\n<p class=\"wp-block-paragraph\" style=\"font-size:16px\">Un petit gar\u00e7on raconte ses journ\u00e9es \u00e0 l&rsquo;oreille de sa chatte. <\/p>\n\n\n\n<div style=\"height:40px\" aria-hidden=\"true\" class=\"wp-block-spacer\"><\/div>\n\n\n\n<figure class=\"wp-block-image size-medium\"><a href=\"https:\/\/dugoudronetdesplumeseditions.ch\/wp-content\/uploads\/2021\/11\/raoul-jpeg-pour-le-site.jpg\"><img loading=\"lazy\" decoding=\"async\" width=\"300\" height=\"300\" src=\"https:\/\/dugoudronetdesplumeseditions.ch\/wp-content\/uploads\/2021\/11\/raoul-jpeg-pour-le-site-300x300.jpg\" alt=\"\" class=\"wp-image-2184\" srcset=\"https:\/\/dugoudronetdesplumeseditions.ch\/wp-content\/uploads\/2021\/11\/raoul-jpeg-pour-le-site-300x300.jpg 300w, https:\/\/dugoudronetdesplumeseditions.ch\/wp-content\/uploads\/2021\/11\/raoul-jpeg-pour-le-site-1024x1024.jpg 1024w, https:\/\/dugoudronetdesplumeseditions.ch\/wp-content\/uploads\/2021\/11\/raoul-jpeg-pour-le-site-150x150.jpg 150w, https:\/\/dugoudronetdesplumeseditions.ch\/wp-content\/uploads\/2021\/11\/raoul-jpeg-pour-le-site-768x768.jpg 768w, https:\/\/dugoudronetdesplumeseditions.ch\/wp-content\/uploads\/2021\/11\/raoul-jpeg-pour-le-site.jpg 1518w\" sizes=\"auto, (max-width: 300px) 100vw, 300px\" \/><\/a><\/figure>\n\n\n\n<div style=\"height:40px\" aria-hidden=\"true\" class=\"wp-block-spacer\"><\/div>\n\n\n\n<p class=\"wp-block-paragraph\" style=\"font-size:16px\"><em>Raoul<\/em>, <a href=\"https:\/\/dugoudronetdesplumeseditions.ch\/?page_id=39\" data-type=\"page\" data-id=\"39\">Patricia Crelier<\/a>, 2021, 80 pages, 40 illustrations (gravures \u00e0 la pointe s\u00e8che), 14,5 cm x 13 cm, int\u00e9rieur imprim\u00e9 en num\u00e9rique, couverture typographi\u00e9e \u00e0 la main et reliure \u00e0 la japonaise. Cet album paru en 2007 sous le titre <em>Ma maman gambade f\u00e9brilement dans une cabine t\u00e9l\u00e9phonique <\/em>est r\u00e9\u00e9dit\u00e9 en format poche.<\/p>\n\n\n\n<p class=\"wp-block-paragraph\" style=\"font-size:16px\"><strong>ISBN:<\/strong> 978-2-9701434-6-8<br><strong>Prix du livre:<\/strong> 24.\u2013 CHF \/ 24.\u2013 \u20ac<br><strong>Prix d&rsquo;une carte postale:<\/strong> 1.\u2013 CHF<br><strong>Prix d\u2019une gravure originale:<\/strong> 100.\u2013 CHF (1\/5 &#8211; 5\/5)<\/p>\n\n\n\n<div style=\"height:40px\" aria-hidden=\"true\" class=\"wp-block-spacer\"><\/div>\n\n\n\n<figure class=\"wp-block-gallery has-nested-images columns-1 wp-block-gallery-1 is-layout-flex wp-block-gallery-is-layout-flex\">\n<figure class=\"wp-block-image size-full\"><a href=\"https:\/\/dugoudronetdesplumeseditions.ch\/wp-content\/uploads\/2021\/11\/Raoul_1.png\"><img loading=\"lazy\" decoding=\"async\" width=\"1713\" height=\"768\" data-id=\"3470\" src=\"https:\/\/dugoudronetdesplumeseditions.ch\/wp-content\/uploads\/2021\/11\/Raoul_1.png\" alt=\"\" class=\"wp-image-3470\" srcset=\"https:\/\/dugoudronetdesplumeseditions.ch\/wp-content\/uploads\/2021\/11\/Raoul_1.png 1713w, https:\/\/dugoudronetdesplumeseditions.ch\/wp-content\/uploads\/2021\/11\/Raoul_1-300x135.png 300w, https:\/\/dugoudronetdesplumeseditions.ch\/wp-content\/uploads\/2021\/11\/Raoul_1-1024x459.png 1024w, https:\/\/dugoudronetdesplumeseditions.ch\/wp-content\/uploads\/2021\/11\/Raoul_1-768x344.png 768w, https:\/\/dugoudronetdesplumeseditions.ch\/wp-content\/uploads\/2021\/11\/Raoul_1-1536x689.png 1536w\" sizes=\"auto, (max-width: 1713px) 100vw, 1713px\" \/><\/a><\/figure>\n\n\n\n<figure class=\"wp-block-image size-full\"><a href=\"https:\/\/dugoudronetdesplumeseditions.ch\/wp-content\/uploads\/2021\/11\/Raoul_2.png\"><img loading=\"lazy\" decoding=\"async\" width=\"1713\" height=\"768\" data-id=\"3468\" src=\"https:\/\/dugoudronetdesplumeseditions.ch\/wp-content\/uploads\/2021\/11\/Raoul_2.png\" alt=\"\" class=\"wp-image-3468\" srcset=\"https:\/\/dugoudronetdesplumeseditions.ch\/wp-content\/uploads\/2021\/11\/Raoul_2.png 1713w, https:\/\/dugoudronetdesplumeseditions.ch\/wp-content\/uploads\/2021\/11\/Raoul_2-300x135.png 300w, https:\/\/dugoudronetdesplumeseditions.ch\/wp-content\/uploads\/2021\/11\/Raoul_2-1024x459.png 1024w, https:\/\/dugoudronetdesplumeseditions.ch\/wp-content\/uploads\/2021\/11\/Raoul_2-768x344.png 768w, https:\/\/dugoudronetdesplumeseditions.ch\/wp-content\/uploads\/2021\/11\/Raoul_2-1536x689.png 1536w\" sizes=\"auto, (max-width: 1713px) 100vw, 1713px\" \/><\/a><\/figure>\n\n\n\n<figure class=\"wp-block-image size-full\"><a href=\"https:\/\/dugoudronetdesplumeseditions.ch\/wp-content\/uploads\/2021\/11\/Raoul_3.png\"><img loading=\"lazy\" decoding=\"async\" width=\"1713\" height=\"768\" data-id=\"3471\" src=\"https:\/\/dugoudronetdesplumeseditions.ch\/wp-content\/uploads\/2021\/11\/Raoul_3.png\" alt=\"\" class=\"wp-image-3471\" srcset=\"https:\/\/dugoudronetdesplumeseditions.ch\/wp-content\/uploads\/2021\/11\/Raoul_3.png 1713w, https:\/\/dugoudronetdesplumeseditions.ch\/wp-content\/uploads\/2021\/11\/Raoul_3-300x135.png 300w, https:\/\/dugoudronetdesplumeseditions.ch\/wp-content\/uploads\/2021\/11\/Raoul_3-1024x459.png 1024w, https:\/\/dugoudronetdesplumeseditions.ch\/wp-content\/uploads\/2021\/11\/Raoul_3-768x344.png 768w, https:\/\/dugoudronetdesplumeseditions.ch\/wp-content\/uploads\/2021\/11\/Raoul_3-1536x689.png 1536w\" sizes=\"auto, (max-width: 1713px) 100vw, 1713px\" \/><\/a><\/figure>\n\n\n\n<figure class=\"wp-block-image size-full\"><a href=\"https:\/\/dugoudronetdesplumeseditions.ch\/wp-content\/uploads\/2021\/11\/Raoul_4.png\"><img loading=\"lazy\" decoding=\"async\" width=\"1713\" height=\"768\" data-id=\"3472\" src=\"https:\/\/dugoudronetdesplumeseditions.ch\/wp-content\/uploads\/2021\/11\/Raoul_4.png\" alt=\"\" class=\"wp-image-3472\" srcset=\"https:\/\/dugoudronetdesplumeseditions.ch\/wp-content\/uploads\/2021\/11\/Raoul_4.png 1713w, https:\/\/dugoudronetdesplumeseditions.ch\/wp-content\/uploads\/2021\/11\/Raoul_4-300x135.png 300w, https:\/\/dugoudronetdesplumeseditions.ch\/wp-content\/uploads\/2021\/11\/Raoul_4-1024x459.png 1024w, https:\/\/dugoudronetdesplumeseditions.ch\/wp-content\/uploads\/2021\/11\/Raoul_4-768x344.png 768w, https:\/\/dugoudronetdesplumeseditions.ch\/wp-content\/uploads\/2021\/11\/Raoul_4-1536x689.png 1536w\" sizes=\"auto, (max-width: 1713px) 100vw, 1713px\" \/><\/a><\/figure>\n\n\n\n<figure class=\"wp-block-image size-full\"><a href=\"https:\/\/dugoudronetdesplumeseditions.ch\/wp-content\/uploads\/2021\/11\/Raoul_5.png\"><img loading=\"lazy\" decoding=\"async\" width=\"1713\" height=\"768\" data-id=\"3469\" src=\"https:\/\/dugoudronetdesplumeseditions.ch\/wp-content\/uploads\/2021\/11\/Raoul_5.png\" alt=\"\" class=\"wp-image-3469\" srcset=\"https:\/\/dugoudronetdesplumeseditions.ch\/wp-content\/uploads\/2021\/11\/Raoul_5.png 1713w, https:\/\/dugoudronetdesplumeseditions.ch\/wp-content\/uploads\/2021\/11\/Raoul_5-300x135.png 300w, https:\/\/dugoudronetdesplumeseditions.ch\/wp-content\/uploads\/2021\/11\/Raoul_5-1024x459.png 1024w, https:\/\/dugoudronetdesplumeseditions.ch\/wp-content\/uploads\/2021\/11\/Raoul_5-768x344.png 768w, https:\/\/dugoudronetdesplumeseditions.ch\/wp-content\/uploads\/2021\/11\/Raoul_5-1536x689.png 1536w\" sizes=\"auto, (max-width: 1713px) 100vw, 1713px\" \/><\/a><\/figure>\n\n\n\n<figure class=\"wp-block-image size-full\"><a href=\"https:\/\/dugoudronetdesplumeseditions.ch\/wp-content\/uploads\/2021\/11\/Raoul_6.png\"><img loading=\"lazy\" decoding=\"async\" width=\"1713\" height=\"768\" data-id=\"3473\" src=\"https:\/\/dugoudronetdesplumeseditions.ch\/wp-content\/uploads\/2021\/11\/Raoul_6.png\" alt=\"\" class=\"wp-image-3473\" srcset=\"https:\/\/dugoudronetdesplumeseditions.ch\/wp-content\/uploads\/2021\/11\/Raoul_6.png 1713w, https:\/\/dugoudronetdesplumeseditions.ch\/wp-content\/uploads\/2021\/11\/Raoul_6-300x135.png 300w, https:\/\/dugoudronetdesplumeseditions.ch\/wp-content\/uploads\/2021\/11\/Raoul_6-1024x459.png 1024w, https:\/\/dugoudronetdesplumeseditions.ch\/wp-content\/uploads\/2021\/11\/Raoul_6-768x344.png 768w, https:\/\/dugoudronetdesplumeseditions.ch\/wp-content\/uploads\/2021\/11\/Raoul_6-1536x689.png 1536w\" sizes=\"auto, (max-width: 1713px) 100vw, 1713px\" \/><\/a><\/figure>\n<\/figure>\n\n\n\n<div style=\"height:100px\" aria-hidden=\"true\" class=\"wp-block-spacer\"><\/div>\n\n\n\n<h3 class=\"wp-block-heading\">La collection <em>les petits carr\u00e9s<\/em><\/h3>\n\n\n\n<p class=\"wp-block-paragraph\" style=\"font-size:16px\">Une r\u00e9alisation locale, qui lie l\u2019artisanat du livre au mode de production contemporain et qui permet de suivre la demande au fil du temps.<\/p>\n\n\n\n<p class=\"wp-block-paragraph\" style=\"font-size:16px\">Titres parus&nbsp;: <em><a href=\"https:\/\/dugoudronetdesplumeseditions.ch\/?p=3337\" data-type=\"post\" data-id=\"3337\">Bulle<\/a>, <a href=\"https:\/\/dugoudronetdesplumeseditions.ch\/?p=3135\" data-type=\"post\" data-id=\"3135\">Ignace<\/a>, <a href=\"https:\/\/dugoudronetdesplumeseditions.ch\/?p=2577\" data-type=\"post\" data-id=\"2577\">Marina<\/a>, <a href=\"https:\/\/dugoudronetdesplumeseditions.ch\/?p=2612\" data-type=\"post\" data-id=\"2612\">Rita<\/a>, <a href=\"https:\/\/dugoudronetdesplumeseditions.ch\/?p=2180\" data-type=\"post\" data-id=\"2180\">Max<\/a>, <a href=\"https:\/\/dugoudronetdesplumeseditions.ch\/?p=2178\" data-type=\"post\" data-id=\"2178\">Loli<\/a>, <a href=\"https:\/\/dugoudronetdesplumeseditions.ch\/?p=2176\" data-type=\"post\" data-id=\"2176\">Raoul<\/a>.<\/em><\/p>\n\n\n\n<div style=\"height:40px\" aria-hidden=\"true\" class=\"wp-block-spacer\"><\/div>\n\n\n\n<figure class=\"wp-block-gallery has-nested-images columns-default is-cropped wp-block-gallery-2 is-layout-flex wp-block-gallery-is-layout-flex\">\n<figure class=\"wp-block-image size-large\"><a href=\"https:\/\/dugoudronetdesplumeseditions.ch\/wp-content\/uploads\/2025\/11\/Unknown-2-1-scaled.jpeg\"><img loading=\"lazy\" decoding=\"async\" width=\"1024\" height=\"768\" data-id=\"3349\" src=\"https:\/\/dugoudronetdesplumeseditions.ch\/wp-content\/uploads\/2025\/11\/Unknown-2-1-1024x768.jpeg\" alt=\"\" class=\"wp-image-3349\" srcset=\"https:\/\/dugoudronetdesplumeseditions.ch\/wp-content\/uploads\/2025\/11\/Unknown-2-1-1024x768.jpeg 1024w, https:\/\/dugoudronetdesplumeseditions.ch\/wp-content\/uploads\/2025\/11\/Unknown-2-1-300x225.jpeg 300w, https:\/\/dugoudronetdesplumeseditions.ch\/wp-content\/uploads\/2025\/11\/Unknown-2-1-768x576.jpeg 768w, https:\/\/dugoudronetdesplumeseditions.ch\/wp-content\/uploads\/2025\/11\/Unknown-2-1-1536x1152.jpeg 1536w, https:\/\/dugoudronetdesplumeseditions.ch\/wp-content\/uploads\/2025\/11\/Unknown-2-1-2048x1536.jpeg 2048w\" sizes=\"auto, (max-width: 1024px) 100vw, 1024px\" \/><\/a><\/figure>\n\n\n\n<figure class=\"wp-block-image size-large\"><a href=\"https:\/\/dugoudronetdesplumeseditions.ch\/wp-content\/uploads\/2025\/11\/IMG_5351-scaled.jpg\"><img loading=\"lazy\" decoding=\"async\" width=\"1024\" height=\"768\" data-id=\"3350\" src=\"https:\/\/dugoudronetdesplumeseditions.ch\/wp-content\/uploads\/2025\/11\/IMG_5351-1024x768.jpg\" alt=\"\" class=\"wp-image-3350\" srcset=\"https:\/\/dugoudronetdesplumeseditions.ch\/wp-content\/uploads\/2025\/11\/IMG_5351-1024x768.jpg 1024w, https:\/\/dugoudronetdesplumeseditions.ch\/wp-content\/uploads\/2025\/11\/IMG_5351-300x225.jpg 300w, https:\/\/dugoudronetdesplumeseditions.ch\/wp-content\/uploads\/2025\/11\/IMG_5351-768x576.jpg 768w, https:\/\/dugoudronetdesplumeseditions.ch\/wp-content\/uploads\/2025\/11\/IMG_5351-1536x1152.jpg 1536w, https:\/\/dugoudronetdesplumeseditions.ch\/wp-content\/uploads\/2025\/11\/IMG_5351-2048x1536.jpg 2048w\" sizes=\"auto, (max-width: 1024px) 100vw, 1024px\" \/><\/a><\/figure>\n<\/figure>\n\n\n\n<p class=\"wp-block-paragraph\"><\/p>\n","protected":false},"excerpt":{"rendered":"<p>Un petit gar\u00e7on raconte ses journ\u00e9es \u00e0 l&rsquo;oreille de sa chatte. Raoul, Patricia Crelier, 2021,&#8230;<\/p>\n","protected":false},"author":1,"featured_media":2184,"comment_status":"closed","ping_status":"closed","sticky":false,"template":"","format":"standard","meta":{"footnotes":""},"categories":[23,3],"tags":[],"class_list":["post-2176","post","type-post","status-publish","format-standard","has-post-thumbnail","hentry","category-collection-les-petits-carres","category-patricia-crelier"],"_links":{"self":[{"href":"https:\/\/dugoudronetdesplumeseditions.ch\/index.php?rest_route=\/wp\/v2\/posts\/2176","targetHints":{"allow":["GET"]}}],"collection":[{"href":"https:\/\/dugoudronetdesplumeseditions.ch\/index.php?rest_route=\/wp\/v2\/posts"}],"about":[{"href":"https:\/\/dugoudronetdesplumeseditions.ch\/index.php?rest_route=\/wp\/v2\/types\/post"}],"author":[{"embeddable":true,"href":"https:\/\/dugoudronetdesplumeseditions.ch\/index.php?rest_route=\/wp\/v2\/users\/1"}],"replies":[{"embeddable":true,"href":"https:\/\/dugoudronetdesplumeseditions.ch\/index.php?rest_route=%2Fwp%2Fv2%2Fcomments&post=2176"}],"version-history":[{"count":16,"href":"https:\/\/dugoudronetdesplumeseditions.ch\/index.php?rest_route=\/wp\/v2\/posts\/2176\/revisions"}],"predecessor-version":[{"id":3650,"href":"https:\/\/dugoudronetdesplumeseditions.ch\/index.php?rest_route=\/wp\/v2\/posts\/2176\/revisions\/3650"}],"wp:featuredmedia":[{"embeddable":true,"href":"https:\/\/dugoudronetdesplumeseditions.ch\/index.php?rest_route=\/wp\/v2\/media\/2184"}],"wp:attachment":[{"href":"https:\/\/dugoudronetdesplumeseditions.ch\/index.php?rest_route=%2Fwp%2Fv2%2Fmedia&parent=2176"}],"wp:term":[{"taxonomy":"category","embeddable":true,"href":"https:\/\/dugoudronetdesplumeseditions.ch\/index.php?rest_route=%2Fwp%2Fv2%2Fcategories&post=2176"},{"taxonomy":"post_tag","embeddable":true,"href":"https:\/\/dugoudronetdesplumeseditions.ch\/index.php?rest_route=%2Fwp%2Fv2%2Ftags&post=2176"}],"curies":[{"name":"wp","href":"https:\/\/api.w.org\/{rel}","templated":true}]}}