{"id":1566,"date":"2019-11-01T14:36:15","date_gmt":"2019-11-01T13:36:15","guid":{"rendered":"http:\/\/dugoudronetdesplumeseditions.ch\/?p=1566"},"modified":"2023-04-30T12:10:57","modified_gmt":"2023-04-30T10:10:57","slug":"le-gout-du-noir","status":"publish","type":"post","link":"https:\/\/dugoudronetdesplumeseditions.ch\/?p=1566","title":{"rendered":"Le go\u00fbt du noir"},"content":{"rendered":"\n<p class=\"wp-block-paragraph\" style=\"font-size:16px\"><em>Le go\u00fbt du noir<\/em>, texte de Cyril Mettler et linogravure de Charles-Fran\u00e7ois Duplain.<\/p>\n\n\n\n<p class=\"wp-block-paragraph\"><\/p>\n\n\n\n<blockquote class=\"wp-block-quote is-layout-flow wp-block-quote-is-layout-flow\"><p><\/p><p>Nejma \u00e9tait n\u00e9e une nuit de brouillard.<\/p><p><\/p><\/blockquote>\n\n\n\n<p class=\"wp-block-paragraph\"><\/p>\n\n\n\n<p class=\"wp-block-paragraph\" style=\"font-size:16px\">Au fond d\u2019une tasse de caf\u00e9 s\u2019ouvre l\u2019univers hypnotique de Cyril Mettler sous les auspices de la lune de Charles-Fran\u00e7ois Duplain.<\/p>\n\n\n\n<p class=\"wp-block-paragraph\" style=\"font-size:16px\">Le livre fait partie d&rsquo;un coffret qui en r\u00e9unit 15, publi\u00e9s par les \u00e9ditions du goudron et des plumes pour leurs 15 ans, le 4 avril 2020.<\/p>\n\n\n\n<p class=\"wp-block-paragraph\" style=\"font-size:16px\">R\u00e9pondant \u00e0 la demande des \u00e9diteurs, 15 auteurs ont \u00e9crit 15 textes pour l&rsquo;occasion. R\u00e9cit, chant ou nouvelle, leurs mots palpitent au rythme de la rue, des for\u00eats ou des rivi\u00e8res. Ils inventent un chemin dans le fracas du monde, racontent une vie qui bascule, et vous disent No\u00ebl dans un grand \u00e9clat de rire.<br>Les \u00e9diteurs ont aussi sollicit\u00e9 15 artistes pour dialoguer avec les textes cr\u00e9\u00e9s. Chacun a re\u00e7u 1 des 15 textes, choisi par tirage au sort. Il s&rsquo;en est impr\u00e9gn\u00e9 et a grav\u00e9 2 matrices de linoleum. L&rsquo;\u00e9t\u00e9 2019, les 15 artistes se sont rendus \u00e0 tour de r\u00f4le \u00e0 l&rsquo;atelier de gravure de Chevenez pour imprimer leur gravure: un vocabulaire de formes et de couleurs toutes personnelles pour r\u00e9pondre au texte re\u00e7u.<\/p>\n\n\n\n<div style=\"height:30px\" aria-hidden=\"true\" class=\"wp-block-spacer\"><\/div>\n\n\n\n<p class=\"wp-block-paragraph\" style=\"font-size:16px\"><em>Quinze<\/em>, coffret de 15 livres au format A6, 16 pages, imprim\u00e9 en offset. <br>Les gravures pli\u00e9es en deux servent de couverture aux textes.<\/p>\n\n\n\n<p class=\"wp-block-paragraph\" style=\"font-size:16px\"><strong>ISBN:<\/strong> 978-2-8399-2867-0<br><strong>Prix du coffret :<\/strong> CHF 60.\u2013 <br><strong>Prix d&rsquo;un livre:<\/strong> CHF 5.\u2013<\/p>\n\n\n\n<div style=\"height:30px\" aria-hidden=\"true\" class=\"wp-block-spacer\"><\/div>\n\n\n\n<figure class=\"wp-block-image size-large\"><a href=\"https:\/\/dugoudronetdesplumeseditions.ch\/wp-content\/uploads\/2020\/11\/IMG_5146-scaled.jpg\"><img loading=\"lazy\" decoding=\"async\" width=\"1024\" height=\"768\" src=\"https:\/\/dugoudronetdesplumeseditions.ch\/wp-content\/uploads\/2020\/11\/IMG_5146-1024x768.jpg\" alt=\"\" class=\"wp-image-1944\" srcset=\"https:\/\/dugoudronetdesplumeseditions.ch\/wp-content\/uploads\/2020\/11\/IMG_5146-1024x768.jpg 1024w, https:\/\/dugoudronetdesplumeseditions.ch\/wp-content\/uploads\/2020\/11\/IMG_5146-300x225.jpg 300w, https:\/\/dugoudronetdesplumeseditions.ch\/wp-content\/uploads\/2020\/11\/IMG_5146-768x576.jpg 768w, https:\/\/dugoudronetdesplumeseditions.ch\/wp-content\/uploads\/2020\/11\/IMG_5146-1536x1152.jpg 1536w, https:\/\/dugoudronetdesplumeseditions.ch\/wp-content\/uploads\/2020\/11\/IMG_5146-2048x1536.jpg 2048w\" sizes=\"auto, (max-width: 1024px) 100vw, 1024px\" \/><\/a><\/figure>\n\n\n\n<div style=\"height:30px\" aria-hidden=\"true\" class=\"wp-block-spacer\"><\/div>\n\n\n\n<p class=\"wp-block-paragraph\" style=\"font-size:16px\">Un cartable des 15 linogravures originales est aussi disponible. \u00c0 d\u00e9couvrir sur rendez-vous \u00e0 l&rsquo;atelier: <em>Quinze<\/em>, cartable de 15 linogravures originales en deux couleurs, 22 cm x 16 cm, imprim\u00e9es \u00e0 38 exemplaires chacune sur papier Zerkall. <\/p>\n\n\n\n<p class=\"wp-block-paragraph\" style=\"font-size:16px\"><strong>Prix du cartable:<\/strong> CHF 900.\u2013 <br><strong>Prix de la linogravure isol\u00e9e:<\/strong>  CHF 75.\u2013 <br>(Chaque linogravure peut \u00eatre acquise isol\u00e9ment. Tirage 36\/38 \u00e0 38\/38)<\/p>\n","protected":false},"excerpt":{"rendered":"<p>Le go\u00fbt du noir, texte de Cyril Mettler et linogravure de Charles-Fran\u00e7ois Duplain. Nejma \u00e9tait&#8230;<\/p>\n","protected":false},"author":1,"featured_media":1567,"comment_status":"closed","ping_status":"closed","sticky":false,"template":"","format":"standard","meta":{"footnotes":""},"categories":[1],"tags":[],"class_list":["post-1566","post","type-post","status-publish","format-standard","has-post-thumbnail","hentry","category-uncategorized"],"_links":{"self":[{"href":"https:\/\/dugoudronetdesplumeseditions.ch\/index.php?rest_route=\/wp\/v2\/posts\/1566","targetHints":{"allow":["GET"]}}],"collection":[{"href":"https:\/\/dugoudronetdesplumeseditions.ch\/index.php?rest_route=\/wp\/v2\/posts"}],"about":[{"href":"https:\/\/dugoudronetdesplumeseditions.ch\/index.php?rest_route=\/wp\/v2\/types\/post"}],"author":[{"embeddable":true,"href":"https:\/\/dugoudronetdesplumeseditions.ch\/index.php?rest_route=\/wp\/v2\/users\/1"}],"replies":[{"embeddable":true,"href":"https:\/\/dugoudronetdesplumeseditions.ch\/index.php?rest_route=%2Fwp%2Fv2%2Fcomments&post=1566"}],"version-history":[{"count":22,"href":"https:\/\/dugoudronetdesplumeseditions.ch\/index.php?rest_route=\/wp\/v2\/posts\/1566\/revisions"}],"predecessor-version":[{"id":2903,"href":"https:\/\/dugoudronetdesplumeseditions.ch\/index.php?rest_route=\/wp\/v2\/posts\/1566\/revisions\/2903"}],"wp:featuredmedia":[{"embeddable":true,"href":"https:\/\/dugoudronetdesplumeseditions.ch\/index.php?rest_route=\/wp\/v2\/media\/1567"}],"wp:attachment":[{"href":"https:\/\/dugoudronetdesplumeseditions.ch\/index.php?rest_route=%2Fwp%2Fv2%2Fmedia&parent=1566"}],"wp:term":[{"taxonomy":"category","embeddable":true,"href":"https:\/\/dugoudronetdesplumeseditions.ch\/index.php?rest_route=%2Fwp%2Fv2%2Fcategories&post=1566"},{"taxonomy":"post_tag","embeddable":true,"href":"https:\/\/dugoudronetdesplumeseditions.ch\/index.php?rest_route=%2Fwp%2Fv2%2Ftags&post=1566"}],"curies":[{"name":"wp","href":"https:\/\/api.w.org\/{rel}","templated":true}]}}