{"id":153,"date":"2014-07-14T10:44:29","date_gmt":"2014-07-14T10:44:29","guid":{"rendered":"http:\/\/dugoudronetdesplumeseditions.ch\/?p=153"},"modified":"2023-05-08T21:35:05","modified_gmt":"2023-05-08T19:35:05","slug":"la-sirene-du-doubs","status":"publish","type":"post","link":"https:\/\/dugoudronetdesplumeseditions.ch\/?p=153","title":{"rendered":"La sir\u00e8ne du Doubs"},"content":{"rendered":"\n<p class=\"wp-block-paragraph\" style=\"font-size:16px\">C\u2019est un portrait modulable du canton du Jura, construit \u00e0 partir de 23 figures coup\u00e9es en trois parties chacune dans le sens horizontal, ce qui donne 12&rsquo;167 combinaisons possibles.<\/p>\n\n\n\n<p class=\"wp-block-paragraph\" style=\"font-size:16px\">Les illustrations sont des linogravures en six couleurs.<\/p>\n\n\n\n<div style=\"height:30px\" aria-hidden=\"true\" class=\"wp-block-spacer\"><\/div>\n\n\n\n<figure class=\"wp-block-gallery has-nested-images columns-default is-cropped wp-block-gallery-1 is-layout-flex wp-block-gallery-is-layout-flex\">\n<figure class=\"wp-block-image size-large\"><a href=\"https:\/\/dugoudronetdesplumeseditions.ch\/wp-content\/uploads\/2014\/07\/DSC_0200.jpg\"><img loading=\"lazy\" decoding=\"async\" width=\"1594\" height=\"1004\" data-id=\"165\" src=\"https:\/\/dugoudronetdesplumeseditions.ch\/wp-content\/uploads\/2014\/07\/DSC_0200.jpg\" alt=\"\" class=\"wp-image-165\" srcset=\"https:\/\/dugoudronetdesplumeseditions.ch\/wp-content\/uploads\/2014\/07\/DSC_0200.jpg 1594w, https:\/\/dugoudronetdesplumeseditions.ch\/wp-content\/uploads\/2014\/07\/DSC_0200-300x188.jpg 300w, https:\/\/dugoudronetdesplumeseditions.ch\/wp-content\/uploads\/2014\/07\/DSC_0200-1024x644.jpg 1024w\" sizes=\"auto, (max-width: 1594px) 100vw, 1594px\" \/><\/a><\/figure>\n\n\n\n<figure class=\"wp-block-image size-large\"><a href=\"https:\/\/dugoudronetdesplumeseditions.ch\/wp-content\/uploads\/2014\/07\/Sir\u00e8ne.jpg\"><img loading=\"lazy\" decoding=\"async\" width=\"1535\" height=\"1004\" data-id=\"167\" src=\"https:\/\/dugoudronetdesplumeseditions.ch\/wp-content\/uploads\/2014\/07\/Sir\u00e8ne.jpg\" alt=\"\" class=\"wp-image-167\" srcset=\"https:\/\/dugoudronetdesplumeseditions.ch\/wp-content\/uploads\/2014\/07\/Sir\u00e8ne.jpg 1535w, https:\/\/dugoudronetdesplumeseditions.ch\/wp-content\/uploads\/2014\/07\/Sir\u00e8ne-300x196.jpg 300w, https:\/\/dugoudronetdesplumeseditions.ch\/wp-content\/uploads\/2014\/07\/Sir\u00e8ne-1024x669.jpg 1024w\" sizes=\"auto, (max-width: 1535px) 100vw, 1535px\" \/><\/a><\/figure>\n<\/figure>\n\n\n\n<div style=\"height:60px\" aria-hidden=\"true\" class=\"wp-block-spacer\"><\/div>\n\n\n\n<p class=\"wp-block-paragraph\" style=\"font-size:16px\">La sir\u00e8ne du Doubs, Patricia Crelier, livre s\u00e9rigraphi\u00e9 \u00e0 100 exemplaires, reliure \u00e0 anneaux.<\/p>\n\n\n\n<p class=\"wp-block-paragraph\" style=\"font-size:16px\"><strong>Prix:<\/strong> CHF 70.\u2013<br>\u00c9puis\u00e9, ce livre a fait l\u2019objet d\u2019une r\u00e9\u00e9dition revue et augment\u00e9 d\u2019un texte d\u2019Isabelle Volpato en 2021. <a href=\"https:\/\/dugoudronetdesplumeseditions.ch\/?p=2182\" data-type=\"post\" data-id=\"2182\">La sir\u00e8ne du Doubs<\/a> \u00e9dition 2021.<\/p>\n","protected":false},"excerpt":{"rendered":"<p>C\u2019est un portrait modulable du canton du Jura, construit \u00e0 partir de 23 figures coup\u00e9es&#8230;<\/p>\n","protected":false},"author":1,"featured_media":168,"comment_status":"closed","ping_status":"closed","sticky":false,"template":"","format":"standard","meta":{"footnotes":""},"categories":[3],"tags":[],"class_list":["post-153","post","type-post","status-publish","format-standard","has-post-thumbnail","hentry","category-patricia-crelier"],"_links":{"self":[{"href":"https:\/\/dugoudronetdesplumeseditions.ch\/index.php?rest_route=\/wp\/v2\/posts\/153","targetHints":{"allow":["GET"]}}],"collection":[{"href":"https:\/\/dugoudronetdesplumeseditions.ch\/index.php?rest_route=\/wp\/v2\/posts"}],"about":[{"href":"https:\/\/dugoudronetdesplumeseditions.ch\/index.php?rest_route=\/wp\/v2\/types\/post"}],"author":[{"embeddable":true,"href":"https:\/\/dugoudronetdesplumeseditions.ch\/index.php?rest_route=\/wp\/v2\/users\/1"}],"replies":[{"embeddable":true,"href":"https:\/\/dugoudronetdesplumeseditions.ch\/index.php?rest_route=%2Fwp%2Fv2%2Fcomments&post=153"}],"version-history":[{"count":8,"href":"https:\/\/dugoudronetdesplumeseditions.ch\/index.php?rest_route=\/wp\/v2\/posts\/153\/revisions"}],"predecessor-version":[{"id":2947,"href":"https:\/\/dugoudronetdesplumeseditions.ch\/index.php?rest_route=\/wp\/v2\/posts\/153\/revisions\/2947"}],"wp:featuredmedia":[{"embeddable":true,"href":"https:\/\/dugoudronetdesplumeseditions.ch\/index.php?rest_route=\/wp\/v2\/media\/168"}],"wp:attachment":[{"href":"https:\/\/dugoudronetdesplumeseditions.ch\/index.php?rest_route=%2Fwp%2Fv2%2Fmedia&parent=153"}],"wp:term":[{"taxonomy":"category","embeddable":true,"href":"https:\/\/dugoudronetdesplumeseditions.ch\/index.php?rest_route=%2Fwp%2Fv2%2Fcategories&post=153"},{"taxonomy":"post_tag","embeddable":true,"href":"https:\/\/dugoudronetdesplumeseditions.ch\/index.php?rest_route=%2Fwp%2Fv2%2Ftags&post=153"}],"curies":[{"name":"wp","href":"https:\/\/api.w.org\/{rel}","templated":true}]}}