{"id":1524,"date":"2019-11-01T14:15:35","date_gmt":"2019-11-01T13:15:35","guid":{"rendered":"http:\/\/dugoudronetdesplumeseditions.ch\/?p=1524"},"modified":"2023-04-30T12:13:34","modified_gmt":"2023-04-30T10:13:34","slug":"sur-les-traces-du-fait-diversier","status":"publish","type":"post","link":"https:\/\/dugoudronetdesplumeseditions.ch\/?p=1524","title":{"rendered":"Sur les traces du fait-diversier"},"content":{"rendered":"\n<p class=\"wp-block-paragraph\" style=\"font-size:16px\"><em>Sur les traces du fait-diversier,<\/em> texte de Thierry Mertenat et linogravure de Nathalie Urfer.<\/p>\n\n\n\n<p class=\"wp-block-paragraph\" style=\"font-size:16px\"><\/p>\n\n\n\n<blockquote class=\"wp-block-quote is-layout-flow wp-block-quote-is-layout-flow\" style=\"font-size:16px\"><p><\/p><p>Quand on lui demande de quoi est fait son m\u00e9tier, il r\u00e9pond: \u00ab\u00a0Je m&rsquo;occupe des chutes du r\u00e9el, les bas morceaux de l&rsquo;actualit\u00e9 sont pour moi, j&rsquo;\u00e9cris sur les chiens \u00e9cras\u00e9s, ces cadavres d&rsquo;animaux errants ou fugueurs que l&rsquo;on abandonne au bord de la chauss\u00e9e, que l&rsquo;on jette dans le talus, sur lesquels on roule sans s&rsquo;arr\u00eater.\u00a0\u00bb Le divers du fait divers si l&rsquo;on pr\u00e9f\u00e8re, les histoires dont personne ne veut, les informations au ras du bitume, le monde comme il va, d\u00e9vale et tr\u00e9buche.<\/p><\/blockquote>\n\n\n\n<p class=\"wp-block-paragraph\"><\/p>\n\n\n\n<p class=\"wp-block-paragraph\" style=\"font-size:16px\">Quand le coeur de la ville bat \u00e0 hauteur de trottoir, l&rsquo;humanit\u00e9 change d&rsquo;\u00e9chelle et notre regard aussi. C&rsquo;est l&rsquo;exp\u00e9rience que l&rsquo;on vit en suivant la chronique de Thierry Mertenat derri\u00e8re le nuage de fum\u00e9e de Nathalie Urfer.<\/p>\n\n\n\n<p class=\"wp-block-paragraph\" style=\"font-size:16px\">Le livre fait partie d&rsquo;un coffret qui en r\u00e9unit 15, publi\u00e9s par les \u00e9ditions du goudron et des plumes pour leurs 15 ans, le 4 avril 2020.<\/p>\n\n\n\n<p class=\"wp-block-paragraph\" style=\"font-size:16px\">R\u00e9pondant \u00e0 la demande des \u00e9diteurs, 15 auteurs ont \u00e9crit 15 textes pour l&rsquo;occasion. R\u00e9cit, chant ou nouvelle, leurs mots palpitent au rythme de la rue, des for\u00eats ou des rivi\u00e8res. Ils inventent un chemin dans le fracas du monde, racontent une vie qui bascule, et vous disent No\u00ebl dans un grand \u00e9clat de rire.<br>Les \u00e9diteurs ont aussi sollicit\u00e9 15 artistes pour dialoguer avec les textes cr\u00e9\u00e9s. Chacun a re\u00e7u 1 des 15 textes, choisi par tirage au sort. Il s&rsquo;en est impr\u00e9gn\u00e9 et a grav\u00e9 2 matrices de linoleum. L&rsquo;\u00e9t\u00e9 2019, les 15 artistes se sont rendus \u00e0 tour de r\u00f4le \u00e0 l&rsquo;atelier de gravure de Chevenez pour imprimer leur gravure: un vocabulaire de formes et de couleurs toutes personnelles pour r\u00e9pondre au texte re\u00e7u.<\/p>\n\n\n\n<div style=\"height:30px\" aria-hidden=\"true\" class=\"wp-block-spacer\"><\/div>\n\n\n\n<p class=\"wp-block-paragraph\" style=\"font-size:16px\"><em>Quinze<\/em>, coffret de 15 livres au format A6, 16 pages, imprim\u00e9 en offset. <br>Les gravures pli\u00e9es en deux servent de couverture aux textes.<\/p>\n\n\n\n<p class=\"wp-block-paragraph\" style=\"font-size:16px\"><strong>ISBN:<\/strong> 978-2-8399-2867-0<br><strong>Prix du coffret :<\/strong> CHF 60.\u2013 <br><strong>Prix d&rsquo;un livre:<\/strong> CHF 5.\u2013<\/p>\n\n\n\n<div style=\"height:30px\" aria-hidden=\"true\" class=\"wp-block-spacer\"><\/div>\n\n\n\n<figure class=\"wp-block-image size-large\"><a href=\"https:\/\/dugoudronetdesplumeseditions.ch\/wp-content\/uploads\/2020\/11\/IMG_5146-scaled.jpg\"><img loading=\"lazy\" decoding=\"async\" width=\"1024\" height=\"768\" src=\"https:\/\/dugoudronetdesplumeseditions.ch\/wp-content\/uploads\/2020\/11\/IMG_5146-1024x768.jpg\" alt=\"\" class=\"wp-image-1944\" srcset=\"https:\/\/dugoudronetdesplumeseditions.ch\/wp-content\/uploads\/2020\/11\/IMG_5146-1024x768.jpg 1024w, https:\/\/dugoudronetdesplumeseditions.ch\/wp-content\/uploads\/2020\/11\/IMG_5146-300x225.jpg 300w, https:\/\/dugoudronetdesplumeseditions.ch\/wp-content\/uploads\/2020\/11\/IMG_5146-768x576.jpg 768w, https:\/\/dugoudronetdesplumeseditions.ch\/wp-content\/uploads\/2020\/11\/IMG_5146-1536x1152.jpg 1536w, https:\/\/dugoudronetdesplumeseditions.ch\/wp-content\/uploads\/2020\/11\/IMG_5146-2048x1536.jpg 2048w\" sizes=\"auto, (max-width: 1024px) 100vw, 1024px\" \/><\/a><\/figure>\n\n\n\n<div style=\"height:30px\" aria-hidden=\"true\" class=\"wp-block-spacer\"><\/div>\n\n\n\n<p class=\"wp-block-paragraph\" style=\"font-size:16px\">Un cartable des 15 linogravures originales est aussi disponible. \u00c0 d\u00e9couvrir sur rendez-vous \u00e0 l&rsquo;atelier: <em>Quinze<\/em>, cartable de 15 linogravures originales en deux couleurs, 22 cm x 16 cm, imprim\u00e9es \u00e0 38 exemplaires chacune sur papier Zerkall. <\/p>\n\n\n\n<p class=\"wp-block-paragraph\" style=\"font-size:16px\"><strong>Prix du cartable:<\/strong> CHF 900.\u2013 <br><strong>Prix de la linogravure isol\u00e9e:<\/strong>  CHF 75.\u2013 <br>(Chaque linogravure peut \u00eatre acquise isol\u00e9ment. Tirage 36\/38 \u00e0 38\/38)<\/p>\n","protected":false},"excerpt":{"rendered":"<p>Sur les traces du fait-diversier, texte de Thierry Mertenat et linogravure de Nathalie Urfer. Quand&#8230;<\/p>\n","protected":false},"author":1,"featured_media":1525,"comment_status":"closed","ping_status":"closed","sticky":false,"template":"","format":"standard","meta":{"footnotes":""},"categories":[1],"tags":[],"class_list":["post-1524","post","type-post","status-publish","format-standard","has-post-thumbnail","hentry","category-uncategorized"],"_links":{"self":[{"href":"https:\/\/dugoudronetdesplumeseditions.ch\/index.php?rest_route=\/wp\/v2\/posts\/1524","targetHints":{"allow":["GET"]}}],"collection":[{"href":"https:\/\/dugoudronetdesplumeseditions.ch\/index.php?rest_route=\/wp\/v2\/posts"}],"about":[{"href":"https:\/\/dugoudronetdesplumeseditions.ch\/index.php?rest_route=\/wp\/v2\/types\/post"}],"author":[{"embeddable":true,"href":"https:\/\/dugoudronetdesplumeseditions.ch\/index.php?rest_route=\/wp\/v2\/users\/1"}],"replies":[{"embeddable":true,"href":"https:\/\/dugoudronetdesplumeseditions.ch\/index.php?rest_route=%2Fwp%2Fv2%2Fcomments&post=1524"}],"version-history":[{"count":16,"href":"https:\/\/dugoudronetdesplumeseditions.ch\/index.php?rest_route=\/wp\/v2\/posts\/1524\/revisions"}],"predecessor-version":[{"id":2916,"href":"https:\/\/dugoudronetdesplumeseditions.ch\/index.php?rest_route=\/wp\/v2\/posts\/1524\/revisions\/2916"}],"wp:featuredmedia":[{"embeddable":true,"href":"https:\/\/dugoudronetdesplumeseditions.ch\/index.php?rest_route=\/wp\/v2\/media\/1525"}],"wp:attachment":[{"href":"https:\/\/dugoudronetdesplumeseditions.ch\/index.php?rest_route=%2Fwp%2Fv2%2Fmedia&parent=1524"}],"wp:term":[{"taxonomy":"category","embeddable":true,"href":"https:\/\/dugoudronetdesplumeseditions.ch\/index.php?rest_route=%2Fwp%2Fv2%2Fcategories&post=1524"},{"taxonomy":"post_tag","embeddable":true,"href":"https:\/\/dugoudronetdesplumeseditions.ch\/index.php?rest_route=%2Fwp%2Fv2%2Ftags&post=1524"}],"curies":[{"name":"wp","href":"https:\/\/api.w.org\/{rel}","templated":true}]}}