{"id":147,"date":"2014-07-14T10:40:13","date_gmt":"2014-07-14T10:40:13","guid":{"rendered":"http:\/\/dugoudronetdesplumeseditions.ch\/?p=147"},"modified":"2023-04-25T22:18:25","modified_gmt":"2023-04-25T20:18:25","slug":"le-tricot-danna","status":"publish","type":"post","link":"https:\/\/dugoudronetdesplumeseditions.ch\/?p=147","title":{"rendered":"Le tricot d&rsquo;Anna"},"content":{"rendered":"\n<p class=\"wp-block-paragraph\" style=\"font-size:16px\">Dans cet album, Anna d\u00e9roule son fil pour tricoter sa vie.<\/p>\n\n\n\n<p class=\"wp-block-paragraph\"><\/p>\n\n\n\n<blockquote class=\"wp-block-quote is-layout-flow wp-block-quote-is-layout-flow\" style=\"font-size:16px\"><p><\/p><p>Il y a un monde, il y en a deux, celui de la mer o\u00f9 tu t\u2019en vas, celui de la terre o\u00f9 je reste.<br>Personne au bout du fil! Pourtant je te parle en mots hachur\u00e9s, d\u00e9coupl\u00e9s. De longs jours vont passer, \u00e0 l&rsquo;endroit, \u00e0 l&rsquo;envers.<br>Je t&rsquo;envoie ma photo. Je me d\u00e9shabille de toi (&#8230;).<\/p><\/blockquote>\n\n\n\n<div style=\"height:30px\" aria-hidden=\"true\" class=\"wp-block-spacer\"><\/div>\n\n\n\n<figure class=\"wp-block-gallery has-nested-images columns-2 is-cropped wp-block-gallery-1 is-layout-flex wp-block-gallery-is-layout-flex\">\n<figure class=\"wp-block-image size-large\"><a href=\"https:\/\/dugoudronetdesplumeseditions.ch\/wp-content\/uploads\/2014\/07\/rouge-1-.jpg\"><img loading=\"lazy\" decoding=\"async\" width=\"1299\" height=\"915\" data-id=\"180\" src=\"https:\/\/dugoudronetdesplumeseditions.ch\/wp-content\/uploads\/2014\/07\/rouge-1-.jpg\" alt=\"\" class=\"wp-image-180\" srcset=\"https:\/\/dugoudronetdesplumeseditions.ch\/wp-content\/uploads\/2014\/07\/rouge-1-.jpg 1299w, https:\/\/dugoudronetdesplumeseditions.ch\/wp-content\/uploads\/2014\/07\/rouge-1--300x211.jpg 300w, https:\/\/dugoudronetdesplumeseditions.ch\/wp-content\/uploads\/2014\/07\/rouge-1--1024x721.jpg 1024w\" sizes=\"auto, (max-width: 1299px) 100vw, 1299px\" \/><\/a><\/figure>\n\n\n\n<figure class=\"wp-block-image size-large\"><a href=\"https:\/\/dugoudronetdesplumeseditions.ch\/wp-content\/uploads\/2014\/07\/Rouge-2-jpg.jpg\"><img loading=\"lazy\" decoding=\"async\" width=\"1299\" height=\"915\" data-id=\"181\" src=\"https:\/\/dugoudronetdesplumeseditions.ch\/wp-content\/uploads\/2014\/07\/Rouge-2-jpg.jpg\" alt=\"\" class=\"wp-image-181\" srcset=\"https:\/\/dugoudronetdesplumeseditions.ch\/wp-content\/uploads\/2014\/07\/Rouge-2-jpg.jpg 1299w, https:\/\/dugoudronetdesplumeseditions.ch\/wp-content\/uploads\/2014\/07\/Rouge-2-jpg-300x211.jpg 300w, https:\/\/dugoudronetdesplumeseditions.ch\/wp-content\/uploads\/2014\/07\/Rouge-2-jpg-1024x721.jpg 1024w\" sizes=\"auto, (max-width: 1299px) 100vw, 1299px\" \/><\/a><\/figure>\n\n\n\n<figure class=\"wp-block-image size-large\"><a href=\"https:\/\/dugoudronetdesplumeseditions.ch\/wp-content\/uploads\/2014\/07\/Rouge-4.jpg\"><img loading=\"lazy\" decoding=\"async\" width=\"1299\" height=\"915\" data-id=\"183\" src=\"https:\/\/dugoudronetdesplumeseditions.ch\/wp-content\/uploads\/2014\/07\/Rouge-4.jpg\" alt=\"\" class=\"wp-image-183\" srcset=\"https:\/\/dugoudronetdesplumeseditions.ch\/wp-content\/uploads\/2014\/07\/Rouge-4.jpg 1299w, https:\/\/dugoudronetdesplumeseditions.ch\/wp-content\/uploads\/2014\/07\/Rouge-4-300x211.jpg 300w, https:\/\/dugoudronetdesplumeseditions.ch\/wp-content\/uploads\/2014\/07\/Rouge-4-1024x721.jpg 1024w\" sizes=\"auto, (max-width: 1299px) 100vw, 1299px\" \/><\/a><\/figure>\n\n\n\n<figure class=\"wp-block-image size-large\"><a href=\"https:\/\/dugoudronetdesplumeseditions.ch\/wp-content\/uploads\/2014\/07\/tic-tac-Z-5.jpg\"><img loading=\"lazy\" decoding=\"async\" width=\"1299\" height=\"915\" data-id=\"185\" src=\"https:\/\/dugoudronetdesplumeseditions.ch\/wp-content\/uploads\/2014\/07\/tic-tac-Z-5.jpg\" alt=\"\" class=\"wp-image-185\" srcset=\"https:\/\/dugoudronetdesplumeseditions.ch\/wp-content\/uploads\/2014\/07\/tic-tac-Z-5.jpg 1299w, https:\/\/dugoudronetdesplumeseditions.ch\/wp-content\/uploads\/2014\/07\/tic-tac-Z-5-300x211.jpg 300w, https:\/\/dugoudronetdesplumeseditions.ch\/wp-content\/uploads\/2014\/07\/tic-tac-Z-5-1024x721.jpg 1024w\" sizes=\"auto, (max-width: 1299px) 100vw, 1299px\" \/><\/a><\/figure>\n<\/figure>\n\n\n\n<div style=\"height:60px\" aria-hidden=\"true\" class=\"wp-block-spacer\"><\/div>\n\n\n\n<p class=\"wp-block-paragraph\" style=\"font-size:16px\">Le texte est de Josiane Bataillard, les illustrations linograv\u00e9es&nbsp; en trois couleurs sont de Patricia Crelier.<br>Le livre est imprim\u00e9 \u00e0 l\u2019atelier sur la presse typographique FAG CONTROL 405 \u00e0 120 exemplaires, sign\u00e9s et num\u00e9rot\u00e9s.<\/p>\n\n\n\n<p class=\"wp-block-paragraph\" style=\"font-size:16px\"><strong>Prix:<\/strong> CHF 90.\u2013<\/p>\n\n\n\n<div style=\"height:30px\" aria-hidden=\"true\" class=\"wp-block-spacer\"><\/div>\n\n\n\n<figure class=\"wp-block-gallery has-nested-images columns-default is-cropped wp-block-gallery-2 is-layout-flex wp-block-gallery-is-layout-flex\">\n<figure class=\"wp-block-image size-large\"><a href=\"https:\/\/dugoudronetdesplumeseditions.ch\/wp-content\/uploads\/2014\/07\/IMG_4695.jpg\"><img loading=\"lazy\" decoding=\"async\" width=\"3264\" height=\"2448\" data-id=\"1261\" src=\"https:\/\/dugoudronetdesplumeseditions.ch\/wp-content\/uploads\/2014\/07\/IMG_4695.jpg\" alt=\"\" class=\"wp-image-1261\" srcset=\"https:\/\/dugoudronetdesplumeseditions.ch\/wp-content\/uploads\/2014\/07\/IMG_4695.jpg 3264w, https:\/\/dugoudronetdesplumeseditions.ch\/wp-content\/uploads\/2014\/07\/IMG_4695-300x225.jpg 300w, https:\/\/dugoudronetdesplumeseditions.ch\/wp-content\/uploads\/2014\/07\/IMG_4695-768x576.jpg 768w, https:\/\/dugoudronetdesplumeseditions.ch\/wp-content\/uploads\/2014\/07\/IMG_4695-1024x768.jpg 1024w\" sizes=\"auto, (max-width: 3264px) 100vw, 3264px\" \/><\/a><\/figure>\n\n\n\n<figure class=\"wp-block-image size-large\"><a href=\"https:\/\/dugoudronetdesplumeseditions.ch\/wp-content\/uploads\/2014\/07\/IMG_4696.jpg\"><img loading=\"lazy\" decoding=\"async\" width=\"3264\" height=\"2448\" data-id=\"1262\" src=\"https:\/\/dugoudronetdesplumeseditions.ch\/wp-content\/uploads\/2014\/07\/IMG_4696.jpg\" alt=\"\" class=\"wp-image-1262\" srcset=\"https:\/\/dugoudronetdesplumeseditions.ch\/wp-content\/uploads\/2014\/07\/IMG_4696.jpg 3264w, https:\/\/dugoudronetdesplumeseditions.ch\/wp-content\/uploads\/2014\/07\/IMG_4696-300x225.jpg 300w, https:\/\/dugoudronetdesplumeseditions.ch\/wp-content\/uploads\/2014\/07\/IMG_4696-768x576.jpg 768w, https:\/\/dugoudronetdesplumeseditions.ch\/wp-content\/uploads\/2014\/07\/IMG_4696-1024x768.jpg 1024w\" sizes=\"auto, (max-width: 3264px) 100vw, 3264px\" \/><\/a><\/figure>\n\n\n\n<figure class=\"wp-block-image size-large\"><a href=\"https:\/\/dugoudronetdesplumeseditions.ch\/wp-content\/uploads\/2014\/07\/IMG_4697.jpg\"><img loading=\"lazy\" decoding=\"async\" width=\"3264\" height=\"2448\" data-id=\"1263\" src=\"https:\/\/dugoudronetdesplumeseditions.ch\/wp-content\/uploads\/2014\/07\/IMG_4697.jpg\" alt=\"\" class=\"wp-image-1263\" srcset=\"https:\/\/dugoudronetdesplumeseditions.ch\/wp-content\/uploads\/2014\/07\/IMG_4697.jpg 3264w, https:\/\/dugoudronetdesplumeseditions.ch\/wp-content\/uploads\/2014\/07\/IMG_4697-300x225.jpg 300w, https:\/\/dugoudronetdesplumeseditions.ch\/wp-content\/uploads\/2014\/07\/IMG_4697-768x576.jpg 768w, https:\/\/dugoudronetdesplumeseditions.ch\/wp-content\/uploads\/2014\/07\/IMG_4697-1024x768.jpg 1024w\" sizes=\"auto, (max-width: 3264px) 100vw, 3264px\" \/><\/a><\/figure>\n<\/figure>\n","protected":false},"excerpt":{"rendered":"<p>Dans cet album, Anna d\u00e9roule son fil pour tricoter sa vie. Il y a un&#8230;<\/p>\n","protected":false},"author":1,"featured_media":182,"comment_status":"closed","ping_status":"closed","sticky":false,"template":"","format":"standard","meta":{"footnotes":""},"categories":[5,3],"tags":[],"class_list":["post-147","post","type-post","status-publish","format-standard","has-post-thumbnail","hentry","category-josiane-bataillard","category-patricia-crelier"],"_links":{"self":[{"href":"https:\/\/dugoudronetdesplumeseditions.ch\/index.php?rest_route=\/wp\/v2\/posts\/147","targetHints":{"allow":["GET"]}}],"collection":[{"href":"https:\/\/dugoudronetdesplumeseditions.ch\/index.php?rest_route=\/wp\/v2\/posts"}],"about":[{"href":"https:\/\/dugoudronetdesplumeseditions.ch\/index.php?rest_route=\/wp\/v2\/types\/post"}],"author":[{"embeddable":true,"href":"https:\/\/dugoudronetdesplumeseditions.ch\/index.php?rest_route=\/wp\/v2\/users\/1"}],"replies":[{"embeddable":true,"href":"https:\/\/dugoudronetdesplumeseditions.ch\/index.php?rest_route=%2Fwp%2Fv2%2Fcomments&post=147"}],"version-history":[{"count":14,"href":"https:\/\/dugoudronetdesplumeseditions.ch\/index.php?rest_route=\/wp\/v2\/posts\/147\/revisions"}],"predecessor-version":[{"id":2887,"href":"https:\/\/dugoudronetdesplumeseditions.ch\/index.php?rest_route=\/wp\/v2\/posts\/147\/revisions\/2887"}],"wp:featuredmedia":[{"embeddable":true,"href":"https:\/\/dugoudronetdesplumeseditions.ch\/index.php?rest_route=\/wp\/v2\/media\/182"}],"wp:attachment":[{"href":"https:\/\/dugoudronetdesplumeseditions.ch\/index.php?rest_route=%2Fwp%2Fv2%2Fmedia&parent=147"}],"wp:term":[{"taxonomy":"category","embeddable":true,"href":"https:\/\/dugoudronetdesplumeseditions.ch\/index.php?rest_route=%2Fwp%2Fv2%2Fcategories&post=147"},{"taxonomy":"post_tag","embeddable":true,"href":"https:\/\/dugoudronetdesplumeseditions.ch\/index.php?rest_route=%2Fwp%2Fv2%2Ftags&post=147"}],"curies":[{"name":"wp","href":"https:\/\/api.w.org\/{rel}","templated":true}]}}