{"id":138,"date":"2014-07-14T10:32:48","date_gmt":"2014-07-14T10:32:48","guid":{"rendered":"http:\/\/dugoudronetdesplumeseditions.ch\/?p=138"},"modified":"2023-04-30T12:29:43","modified_gmt":"2023-04-30T10:29:43","slug":"le-livre-qui","status":"publish","type":"post","link":"https:\/\/dugoudronetdesplumeseditions.ch\/?p=138","title":{"rendered":"Le livre qui (avait perdu son titre)"},"content":{"rendered":"\n<p class=\"wp-block-paragraph\" style=\"font-size:16px\">Le livre m\u00e8ne l\u2019enqu\u00eate, apostrophe d\u2019illustres voisins\u00a0: La Fontaine, Queneau, Desnos, Pr\u00e9vert, Tardieu et quelques autres.<\/p>\n\n\n\n<p class=\"wp-block-paragraph\"><\/p>\n\n\n\n<blockquote class=\"wp-block-quote is-layout-flow wp-block-quote-is-layout-flow\" style=\"font-size:16px\"><p><\/p><p>En m\u2019\u00e9veillant ce matin sur le troisi\u00e8me rayon de la biblioth\u00e8que, j\u2019ai d\u00e9couvert qu\u2019il ne me restait plus de page, aucune page. Apr\u00e8s m&rsquo;\u00eatre auscult\u00e9 le dos, racorni, les angles, cass\u00e9s, j&rsquo;ai bien d\u00fb admettre que je ne suis plus qu&rsquo;une couverture de livre, sans jaquette ni feuillet. Ce qui ne fait pas de moi un livre. Mon voisin de droite aurait-il une id\u00e9e? Il me r\u00e9pond avec un fort accent espagnol qu&rsquo;on a pr\u00e9tendu qu&rsquo;\u00e0 lui aussi il manquait des pages.<\/p><p>Seigneur licenci\u00e9, il ne faut pas \u00e9couter la d\u00e9loyale canaille mais continuer le valeureux combat des chevaliers errants et mener bataille pour lutter contre l&rsquo;injustice faite aux n\u00e9cessiteux.<\/p><p>Il a d&rsquo;ailleurs une aventure \u00e0 vivre contre des g\u00e9ants aux longs bras. il ne pourra pas m&rsquo;aider ce fada de Don Quichotte, il a d&rsquo;autres moulins \u00e0 fouetter (<em>&#8230;<\/em>)<\/p><\/blockquote>\n\n\n\n<div style=\"height:30px\" aria-hidden=\"true\" class=\"wp-block-spacer\"><\/div>\n\n\n\n<figure class=\"wp-block-gallery has-nested-images columns-default is-cropped wp-block-gallery-1 is-layout-flex wp-block-gallery-is-layout-flex\">\n<figure class=\"wp-block-image size-large\"><a href=\"https:\/\/dugoudronetdesplumeseditions.ch\/wp-content\/uploads\/2014\/07\/editons-livre-qui-72-1.jpg\"><img loading=\"lazy\" decoding=\"async\" width=\"567\" height=\"808\" data-id=\"142\" src=\"https:\/\/dugoudronetdesplumeseditions.ch\/wp-content\/uploads\/2014\/07\/editons-livre-qui-72-1.jpg\" alt=\"\" class=\"wp-image-142\" srcset=\"https:\/\/dugoudronetdesplumeseditions.ch\/wp-content\/uploads\/2014\/07\/editons-livre-qui-72-1.jpg 567w, https:\/\/dugoudronetdesplumeseditions.ch\/wp-content\/uploads\/2014\/07\/editons-livre-qui-72-1-210x300.jpg 210w\" sizes=\"auto, (max-width: 567px) 100vw, 567px\" \/><\/a><\/figure>\n\n\n\n<figure class=\"wp-block-image size-large\"><a href=\"https:\/\/dugoudronetdesplumeseditions.ch\/wp-content\/uploads\/2014\/07\/edition-le-livre-quijpg-72-1.jpg\"><img loading=\"lazy\" decoding=\"async\" width=\"567\" height=\"808\" data-id=\"139\" src=\"https:\/\/dugoudronetdesplumeseditions.ch\/wp-content\/uploads\/2014\/07\/edition-le-livre-quijpg-72-1.jpg\" alt=\"\" class=\"wp-image-139\" srcset=\"https:\/\/dugoudronetdesplumeseditions.ch\/wp-content\/uploads\/2014\/07\/edition-le-livre-quijpg-72-1.jpg 567w, https:\/\/dugoudronetdesplumeseditions.ch\/wp-content\/uploads\/2014\/07\/edition-le-livre-quijpg-72-1-210x300.jpg 210w\" sizes=\"auto, (max-width: 567px) 100vw, 567px\" \/><\/a><\/figure>\n\n\n\n<figure class=\"wp-block-image size-large\"><a href=\"https:\/\/dugoudronetdesplumeseditions.ch\/wp-content\/uploads\/2014\/07\/editions-livre-quijpg-72-1.jpg\"><img loading=\"lazy\" decoding=\"async\" width=\"567\" height=\"808\" data-id=\"141\" src=\"https:\/\/dugoudronetdesplumeseditions.ch\/wp-content\/uploads\/2014\/07\/editions-livre-quijpg-72-1.jpg\" alt=\"\" class=\"wp-image-141\" srcset=\"https:\/\/dugoudronetdesplumeseditions.ch\/wp-content\/uploads\/2014\/07\/editions-livre-quijpg-72-1.jpg 567w, https:\/\/dugoudronetdesplumeseditions.ch\/wp-content\/uploads\/2014\/07\/editions-livre-quijpg-72-1-210x300.jpg 210w\" sizes=\"auto, (max-width: 567px) 100vw, 567px\" \/><\/a><\/figure>\n<\/figure>\n\n\n\n<div style=\"height:60px\" aria-hidden=\"true\" class=\"wp-block-spacer\"><\/div>\n\n\n\n<p class=\"wp-block-paragraph\" style=\"font-size:16px\"><em>Le livre qui (avait perdu son titre) <\/em>de Patricia Crelier, est imprim\u00e9 \u00e0 l\u2019atelier sur la presse typographique FAG CONTROL 405 \u00e0 120 exemplaires, sign\u00e9s et num\u00e9rot\u00e9s. Les illustrations sont des linogravures en deux couleurs.<\/p>\n\n\n\n<p class=\"wp-block-paragraph\" style=\"font-size:16px\"><strong>Prix:<\/strong> CHF 95.\u2013<\/p>\n\n\n\n<div style=\"height:60px\" aria-hidden=\"true\" class=\"wp-block-spacer\"><\/div>\n\n\n\n<figure class=\"wp-block-image size-full is-resized\"><a href=\"https:\/\/dugoudronetdesplumeseditions.ch\/wp-content\/uploads\/2014\/07\/editions-livre-qui_modifi\u00e9-1.jpg\"><img loading=\"lazy\" decoding=\"async\" src=\"https:\/\/dugoudronetdesplumeseditions.ch\/wp-content\/uploads\/2014\/07\/editions-livre-qui_modifi\u00e9-1.jpg\" alt=\"\" class=\"wp-image-143\" width=\"442\" height=\"630\" srcset=\"https:\/\/dugoudronetdesplumeseditions.ch\/wp-content\/uploads\/2014\/07\/editions-livre-qui_modifi\u00e9-1.jpg 567w, https:\/\/dugoudronetdesplumeseditions.ch\/wp-content\/uploads\/2014\/07\/editions-livre-qui_modifi\u00e9-1-210x300.jpg 210w\" sizes=\"auto, (max-width: 442px) 100vw, 442px\" \/><\/a><\/figure>\n","protected":false},"excerpt":{"rendered":"<p>Le livre m\u00e8ne l\u2019enqu\u00eate, apostrophe d\u2019illustres voisins\u00a0: La Fontaine, Queneau, Desnos, Pr\u00e9vert, Tardieu et quelques&#8230;<\/p>\n","protected":false},"author":1,"featured_media":140,"comment_status":"closed","ping_status":"closed","sticky":false,"template":"","format":"standard","meta":{"footnotes":""},"categories":[3],"tags":[],"class_list":["post-138","post","type-post","status-publish","format-standard","has-post-thumbnail","hentry","category-patricia-crelier"],"_links":{"self":[{"href":"https:\/\/dugoudronetdesplumeseditions.ch\/index.php?rest_route=\/wp\/v2\/posts\/138","targetHints":{"allow":["GET"]}}],"collection":[{"href":"https:\/\/dugoudronetdesplumeseditions.ch\/index.php?rest_route=\/wp\/v2\/posts"}],"about":[{"href":"https:\/\/dugoudronetdesplumeseditions.ch\/index.php?rest_route=\/wp\/v2\/types\/post"}],"author":[{"embeddable":true,"href":"https:\/\/dugoudronetdesplumeseditions.ch\/index.php?rest_route=\/wp\/v2\/users\/1"}],"replies":[{"embeddable":true,"href":"https:\/\/dugoudronetdesplumeseditions.ch\/index.php?rest_route=%2Fwp%2Fv2%2Fcomments&post=138"}],"version-history":[{"count":12,"href":"https:\/\/dugoudronetdesplumeseditions.ch\/index.php?rest_route=\/wp\/v2\/posts\/138\/revisions"}],"predecessor-version":[{"id":2935,"href":"https:\/\/dugoudronetdesplumeseditions.ch\/index.php?rest_route=\/wp\/v2\/posts\/138\/revisions\/2935"}],"wp:featuredmedia":[{"embeddable":true,"href":"https:\/\/dugoudronetdesplumeseditions.ch\/index.php?rest_route=\/wp\/v2\/media\/140"}],"wp:attachment":[{"href":"https:\/\/dugoudronetdesplumeseditions.ch\/index.php?rest_route=%2Fwp%2Fv2%2Fmedia&parent=138"}],"wp:term":[{"taxonomy":"category","embeddable":true,"href":"https:\/\/dugoudronetdesplumeseditions.ch\/index.php?rest_route=%2Fwp%2Fv2%2Fcategories&post=138"},{"taxonomy":"post_tag","embeddable":true,"href":"https:\/\/dugoudronetdesplumeseditions.ch\/index.php?rest_route=%2Fwp%2Fv2%2Ftags&post=138"}],"curies":[{"name":"wp","href":"https:\/\/api.w.org\/{rel}","templated":true}]}}